{"id":71969,"date":"2021-07-12T18:45:45","date_gmt":"2021-07-12T21:45:45","guid":{"rendered":"https:\/\/blogdoedvaldomagalhaes.com.br\/?p=71969"},"modified":"2021-07-12T21:16:25","modified_gmt":"2021-07-13T00:16:25","slug":"junior-baiano-entrega-o-cargo-e-nilson-e-o-novo-tecnico-do-central","status":"publish","type":"post","link":"https:\/\/blogdoedvaldomagalhaes.com.br\/index.php\/2021\/07\/12\/junior-baiano-entrega-o-cargo-e-nilson-e-o-novo-tecnico-do-central\/","title":{"rendered":"J\u00fanior Baiano entrega o cargo e Nilson \u00e9 o novo t\u00e9cnico do Central"},"content":{"rendered":"<p style=\"text-align: justify;\">O t\u00e9cnico J\u00fanior Baiano entregou o cargo a diretoria do Central, nesta segunda-feira (12), e o t\u00e9cnico Nilson, ex Flamengo de Arcoverde, Vera Cruz, Decis\u00e3o Bonito e Retr\u00f4, foi contratado e se apresenta ao clube nesta ter\u00e7a-feira (13), para a sequ\u00eancia do Campeonato Brasileiro da S\u00e9rie D.<\/p>\n<p style=\"text-align: justify;\">J\u00fanior Baiano comandou o Central em 06 jogos da S\u00e9rie D, conquistando 05 pontos com 27% de aproveitamento, sendo 01 vit\u00f3ria, 03 empates e 02 derrotas, marcando 05 gols e sofrendo 08, com saldo negativo de 03 gols.<\/p>\n","protected":false},"excerpt":{"rendered":"<p>O t\u00e9cnico J\u00fanior Baiano entregou o cargo a diretoria do Central, nesta segunda-feira (12), e o t\u00e9cnico Nilson, ex Flamengo&hellip;<\/p>\n","protected":false},"author":1,"featured_media":71970,"comment_status":"open","ping_status":"open","sticky":false,"template":"","format":"standard","meta":{"footnotes":""},"categories":[14123],"tags":[2,19532,22159,1950],"class_list":["post-71969","post","type-post","status-publish","format-standard","has-post-thumbnail","hentry","category-futebol","tag-blog-do-edvaldo-magalhaes","tag-blog-mais-acessado-e-visualizado-de-caruaru-e-regiao","tag-junior-baiano-entrega-o-cargo-e-nilson-e-o-novo-tecnico-do-central","tag-noticias-de-caruaru"],"_links":{"self":[{"href":"https:\/\/blogdoedvaldomagalhaes.com.br\/index.php\/wp-json\/wp\/v2\/posts\/71969","targetHints":{"allow":["GET"]}}],"collection":[{"href":"https:\/\/blogdoedvaldomagalhaes.com.br\/index.php\/wp-json\/wp\/v2\/posts"}],"about":[{"href":"https:\/\/blogdoedvaldomagalhaes.com.br\/index.php\/wp-json\/wp\/v2\/types\/post"}],"author":[{"embeddable":true,"href":"https:\/\/blogdoedvaldomagalhaes.com.br\/index.php\/wp-json\/wp\/v2\/users\/1"}],"replies":[{"embeddable":true,"href":"https:\/\/blogdoedvaldomagalhaes.com.br\/index.php\/wp-json\/wp\/v2\/comments?post=71969"}],"version-history":[{"count":7,"href":"https:\/\/blogdoedvaldomagalhaes.com.br\/index.php\/wp-json\/wp\/v2\/posts\/71969\/revisions"}],"predecessor-version":[{"id":71985,"href":"https:\/\/blogdoedvaldomagalhaes.com.br\/index.php\/wp-json\/wp\/v2\/posts\/71969\/revisions\/71985"}],"wp:featuredmedia":[{"embeddable":true,"href":"https:\/\/blogdoedvaldomagalhaes.com.br\/index.php\/wp-json\/wp\/v2\/media\/71970"}],"wp:attachment":[{"href":"https:\/\/blogdoedvaldomagalhaes.com.br\/index.php\/wp-json\/wp\/v2\/media?parent=71969"}],"wp:term":[{"taxonomy":"category","embeddable":true,"href":"https:\/\/blogdoedvaldomagalhaes.com.br\/index.php\/wp-json\/wp\/v2\/categories?post=71969"},{"taxonomy":"post_tag","embeddable":true,"href":"https:\/\/blogdoedvaldomagalhaes.com.br\/index.php\/wp-json\/wp\/v2\/tags?post=71969"}],"curies":[{"name":"wp","href":"https:\/\/api.w.org\/{rel}","templated":true}]}}