{"id":71966,"date":"2021-07-12T16:52:30","date_gmt":"2021-07-12T19:52:30","guid":{"rendered":"https:\/\/blogdoedvaldomagalhaes.com.br\/?p=71966"},"modified":"2021-07-12T16:52:32","modified_gmt":"2021-07-12T19:52:32","slug":"erick-lessa-destina-emenda-para-instalacao-de-pocos-na-area-rural-de-caruaru","status":"publish","type":"post","link":"https:\/\/blogdoedvaldomagalhaes.com.br\/index.php\/2021\/07\/12\/erick-lessa-destina-emenda-para-instalacao-de-pocos-na-area-rural-de-caruaru\/","title":{"rendered":"Erick Lessa destina emenda para instala\u00e7\u00e3o de po\u00e7os na \u00e1rea rural de Caruaru"},"content":{"rendered":"<p style=\"text-align: justify;\"><span style=\"font-size: inherit;\">O deputado estadual Erick Lessa se reuniu com o secret\u00e1rio de Desenvolvimento Agr\u00e1rio de Pernambuco, Claudiano Filho, na quarta-feira (07). Durante a reuni\u00e3o, foram abordadas quest\u00f5es t\u00e9cnicas a respeito da instala\u00e7\u00e3o de tr\u00eas po\u00e7os artesianos na \u00e1rea rural de Caruaru. No total, o parlamentar destinou emendas de R$ 64 mil, para a instala\u00e7\u00e3o dos equipamentos nos s\u00edtios Barbat\u00e3o, Ita\u00fana e Riacho Doce.<\/span><\/p>\n<p style=\"text-align: justify;\">Segundo o deputado, a medida parte de reivindica\u00e7\u00f5es de moradores de localidades rurais. \u201cConhe\u00e7o de perto a realidade da gente que vive no campo. Sei da for\u00e7a e da garra dessas pessoas, que precisam de uma maior aten\u00e7\u00e3o do poder p\u00fablico. Vamos seguir, unindo for\u00e7as para garantir mais desenvolvimento para a nossa regi\u00e3o\u201d, disse.<\/p>\n<p style=\"text-align: justify;\">De acordo com o parlamentar, o secret\u00e1rio se mostrou sens\u00edvel \u00e0 causa e se comprometeu a destravar quest\u00f5es burocr\u00e1ticas, com o intuito de agilizar a execu\u00e7\u00e3o das obras.<\/p>\n<p style=\"text-align: justify;\">Foto: Viliane Gomes<\/p>\n","protected":false},"excerpt":{"rendered":"<p>O deputado estadual Erick Lessa se reuniu com o secret\u00e1rio de Desenvolvimento Agr\u00e1rio de Pernambuco, Claudiano Filho, na quarta-feira (07).&hellip;<\/p>\n","protected":false},"author":1,"featured_media":71967,"comment_status":"open","ping_status":"open","sticky":false,"template":"","format":"standard","meta":{"footnotes":""},"categories":[14122],"tags":[2,19532,22158,1950],"class_list":["post-71966","post","type-post","status-publish","format-standard","has-post-thumbnail","hentry","category-politica","tag-blog-do-edvaldo-magalhaes","tag-blog-mais-acessado-e-visualizado-de-caruaru-e-regiao","tag-erick-lessa-destina-emenda-para-instalacao-de-pocos-na-area-rural-de-caruaru","tag-noticias-de-caruaru"],"_links":{"self":[{"href":"https:\/\/blogdoedvaldomagalhaes.com.br\/index.php\/wp-json\/wp\/v2\/posts\/71966","targetHints":{"allow":["GET"]}}],"collection":[{"href":"https:\/\/blogdoedvaldomagalhaes.com.br\/index.php\/wp-json\/wp\/v2\/posts"}],"about":[{"href":"https:\/\/blogdoedvaldomagalhaes.com.br\/index.php\/wp-json\/wp\/v2\/types\/post"}],"author":[{"embeddable":true,"href":"https:\/\/blogdoedvaldomagalhaes.com.br\/index.php\/wp-json\/wp\/v2\/users\/1"}],"replies":[{"embeddable":true,"href":"https:\/\/blogdoedvaldomagalhaes.com.br\/index.php\/wp-json\/wp\/v2\/comments?post=71966"}],"version-history":[{"count":1,"href":"https:\/\/blogdoedvaldomagalhaes.com.br\/index.php\/wp-json\/wp\/v2\/posts\/71966\/revisions"}],"predecessor-version":[{"id":71968,"href":"https:\/\/blogdoedvaldomagalhaes.com.br\/index.php\/wp-json\/wp\/v2\/posts\/71966\/revisions\/71968"}],"wp:featuredmedia":[{"embeddable":true,"href":"https:\/\/blogdoedvaldomagalhaes.com.br\/index.php\/wp-json\/wp\/v2\/media\/71967"}],"wp:attachment":[{"href":"https:\/\/blogdoedvaldomagalhaes.com.br\/index.php\/wp-json\/wp\/v2\/media?parent=71966"}],"wp:term":[{"taxonomy":"category","embeddable":true,"href":"https:\/\/blogdoedvaldomagalhaes.com.br\/index.php\/wp-json\/wp\/v2\/categories?post=71966"},{"taxonomy":"post_tag","embeddable":true,"href":"https:\/\/blogdoedvaldomagalhaes.com.br\/index.php\/wp-json\/wp\/v2\/tags?post=71966"}],"curies":[{"name":"wp","href":"https:\/\/api.w.org\/{rel}","templated":true}]}}