{"id":71958,"date":"2021-07-12T16:04:47","date_gmt":"2021-07-12T19:04:47","guid":{"rendered":"https:\/\/blogdoedvaldomagalhaes.com.br\/?p=71958"},"modified":"2021-07-12T16:04:48","modified_gmt":"2021-07-12T19:04:48","slug":"caminhao-com-13-toneladas-de-cimento-sem-nota-fiscal-e-retido-em-caruaru","status":"publish","type":"post","link":"https:\/\/blogdoedvaldomagalhaes.com.br\/index.php\/2021\/07\/12\/caminhao-com-13-toneladas-de-cimento-sem-nota-fiscal-e-retido-em-caruaru\/","title":{"rendered":"Caminh\u00e3o com 13 toneladas de cimento sem nota fiscal \u00e9 retido em Caruaru"},"content":{"rendered":"<p style=\"text-align: justify;\"><span style=\"font-size: inherit;\">Um caminh\u00e3o que transportava 13 toneladas de cimento sem nota fiscal foi retido durante uma fiscaliza\u00e7\u00e3o da Pol\u00edcia Rodovi\u00e1ria Federal (PRF), nesta segunda-feira (12), na BR 104, em Caruaru, no Agreste de Pernambuco. O ve\u00edculo teria sa\u00eddo carregado do distrito industrial do munic\u00edpio e a mercadoria seria entregue em um dep\u00f3sito de material de constru\u00e7\u00e3o, localizado na pr\u00f3pria cidade.<\/span><\/p>\n<p style=\"text-align: justify;\">Policiais do Grupo de Fiscaliza\u00e7\u00e3o de Tr\u00e2nsito e Transporte da PRF realizavam uma blitz no Km 62 da rodovia, quando abordaram um caminh\u00e3o que transportava 260 sacas de 50kg de cimento. Ao solicitar a nota fiscal da mercadoria, o motorista informou que n\u00e3o portava a documenta\u00e7\u00e3o e nem sabia se ela havia sido emitida.<\/p>\n<p style=\"text-align: justify;\">Uma equipe da Secretaria da Fazenda de Pernambuco (Sefaz-PE) foi acionada para a ado\u00e7\u00e3o dos procedimentos fiscais cab\u00edveis. O ve\u00edculo foi removido ao p\u00e1tio para a regulariza\u00e7\u00e3o da mercadoria.<\/p>\n","protected":false},"excerpt":{"rendered":"<p>Um caminh\u00e3o que transportava 13 toneladas de cimento sem nota fiscal foi retido durante uma fiscaliza\u00e7\u00e3o da Pol\u00edcia Rodovi\u00e1ria Federal&hellip;<\/p>\n","protected":false},"author":1,"featured_media":71959,"comment_status":"open","ping_status":"open","sticky":false,"template":"","format":"standard","meta":{"footnotes":""},"categories":[14121],"tags":[2,19532,22156,1950],"class_list":["post-71958","post","type-post","status-publish","format-standard","has-post-thumbnail","hentry","category-policial","tag-blog-do-edvaldo-magalhaes","tag-blog-mais-acessado-e-visualizado-de-caruaru-e-regiao","tag-caminhao-com-13-toneladas-de-cimento-sem-nota-fiscal-e-retido-em-caruaru","tag-noticias-de-caruaru"],"_links":{"self":[{"href":"https:\/\/blogdoedvaldomagalhaes.com.br\/index.php\/wp-json\/wp\/v2\/posts\/71958","targetHints":{"allow":["GET"]}}],"collection":[{"href":"https:\/\/blogdoedvaldomagalhaes.com.br\/index.php\/wp-json\/wp\/v2\/posts"}],"about":[{"href":"https:\/\/blogdoedvaldomagalhaes.com.br\/index.php\/wp-json\/wp\/v2\/types\/post"}],"author":[{"embeddable":true,"href":"https:\/\/blogdoedvaldomagalhaes.com.br\/index.php\/wp-json\/wp\/v2\/users\/1"}],"replies":[{"embeddable":true,"href":"https:\/\/blogdoedvaldomagalhaes.com.br\/index.php\/wp-json\/wp\/v2\/comments?post=71958"}],"version-history":[{"count":1,"href":"https:\/\/blogdoedvaldomagalhaes.com.br\/index.php\/wp-json\/wp\/v2\/posts\/71958\/revisions"}],"predecessor-version":[{"id":71960,"href":"https:\/\/blogdoedvaldomagalhaes.com.br\/index.php\/wp-json\/wp\/v2\/posts\/71958\/revisions\/71960"}],"wp:featuredmedia":[{"embeddable":true,"href":"https:\/\/blogdoedvaldomagalhaes.com.br\/index.php\/wp-json\/wp\/v2\/media\/71959"}],"wp:attachment":[{"href":"https:\/\/blogdoedvaldomagalhaes.com.br\/index.php\/wp-json\/wp\/v2\/media?parent=71958"}],"wp:term":[{"taxonomy":"category","embeddable":true,"href":"https:\/\/blogdoedvaldomagalhaes.com.br\/index.php\/wp-json\/wp\/v2\/categories?post=71958"},{"taxonomy":"post_tag","embeddable":true,"href":"https:\/\/blogdoedvaldomagalhaes.com.br\/index.php\/wp-json\/wp\/v2\/tags?post=71958"}],"curies":[{"name":"wp","href":"https:\/\/api.w.org\/{rel}","templated":true}]}}