{"id":71955,"date":"2021-07-12T13:25:25","date_gmt":"2021-07-12T16:25:25","guid":{"rendered":"https:\/\/blogdoedvaldomagalhaes.com.br\/?p=71955"},"modified":"2021-07-12T13:25:26","modified_gmt":"2021-07-12T16:25:26","slug":"convenio-firmado-com-a-sjdh-emprega-detentos-na-penitenciaria-de-caruaru","status":"publish","type":"post","link":"https:\/\/blogdoedvaldomagalhaes.com.br\/index.php\/2021\/07\/12\/convenio-firmado-com-a-sjdh-emprega-detentos-na-penitenciaria-de-caruaru\/","title":{"rendered":"Conv\u00eanio firmado com a SJDH emprega detentos na Penitenci\u00e1ria de Caruaru"},"content":{"rendered":"<p style=\"text-align: justify;\"><span style=\"font-size: inherit;\">A partir desta segunda-feira (12.07), pessoas privadas de liberdade (PPLs) da Penitenci\u00e1ria Juiz Pl\u00e1cido de Souza (PJPS), em Caruaru, no Agreste de Pernambuco, est\u00e3o produzindo vestimentas e m\u00e1scaras para os profissionais do Instituto de Medicina Legal (IML) de Recife. O conv\u00eanio foi firmado entre a Secretaria de Justi\u00e7a e Direitos Humanos, por meio de sua Executiva de Ressocializa\u00e7\u00e3o (Seres), e a RM Terceiriza\u00e7\u00e3o.<\/span><\/p>\n<p style=\"text-align: justify;\">No espa\u00e7o reformado dentro da PJPS, os trabalhadores confeccionar\u00e3o 1.200 macac\u00f5es, 1.400 capotes e 2 mil m\u00e1scaras, sendo definido pela empresa um \u00fanico item mensalmente. \u201cOs conv\u00eanios firmados com as empresas privadas e \u00f3rg\u00e3os p\u00fablicos s\u00e3o importantes para a reinser\u00e7\u00e3o dos presos no mercado de trabalho. Eles v\u00e3o voltar ao meio social e sua prepara\u00e7\u00e3o deve ser feita dentro do ambiente prisional\u201d, afirmou o secret\u00e1rio de Justi\u00e7a e Direitos Humanos, Pedro Eurico. Com validade de um ano podendo ser prorrogado, o conv\u00eanio beneficia duas PPLs com previs\u00e3o de acr\u00e9scimo de mais duas.<\/p>\n<p style=\"text-align: justify;\">Os trabalhadores, embora com experi\u00eancias anteriores na \u00e1rea, passaram por treinamento na empresa com rela\u00e7\u00e3o ao corte e costura. \u201cEstou na PJPS h\u00e1 nove meses e abracei essa oportunidade de trabalho, espero um futuro bem melhor pra mim\u201d, afirmou a detenta P\u00e2mela, mulher trans. Entre os benef\u00edcios oferecidos \u00e0s PPLs que trabalham est\u00e3o a remi\u00e7\u00e3o de pena na propor\u00e7\u00e3o de um dia a menos a cada tr\u00eas trabalhados e a remunera\u00e7\u00e3o com valor correspondente a 75% do sal\u00e1rio, ficando 25% para ser liberado ap\u00f3s a liberdade.<\/p>\n<p style=\"text-align: justify;\">Para o empregador est\u00e3o a isen\u00e7\u00e3o de impostos j\u00e1 que o preso n\u00e3o fica sob o regime CLT; remunera\u00e7\u00e3o de um sal\u00e1rio m\u00ednimo, m\u00e3o de obra qualificada, entre outras vantagens. A empresa tamb\u00e9m pode constituir sede dentro das unidades prisionais.<br \/>\nContato para conv\u00eanio com a Seres: (81) 3184 2186<\/p>\n","protected":false},"excerpt":{"rendered":"<p>A partir desta segunda-feira (12.07), pessoas privadas de liberdade (PPLs) da Penitenci\u00e1ria Juiz Pl\u00e1cido de Souza (PJPS), em Caruaru, no&hellip;<\/p>\n","protected":false},"author":1,"featured_media":71956,"comment_status":"open","ping_status":"open","sticky":false,"template":"","format":"standard","meta":{"footnotes":""},"categories":[14120],"tags":[2,19532,22155,1950],"class_list":["post-71955","post","type-post","status-publish","format-standard","has-post-thumbnail","hentry","category-noticias","tag-blog-do-edvaldo-magalhaes","tag-blog-mais-acessado-e-visualizado-de-caruaru-e-regiao","tag-convenio-firmado-com-a-sjdh-emprega-detentos-na-penitenciaria-de-caruaru","tag-noticias-de-caruaru"],"_links":{"self":[{"href":"https:\/\/blogdoedvaldomagalhaes.com.br\/index.php\/wp-json\/wp\/v2\/posts\/71955","targetHints":{"allow":["GET"]}}],"collection":[{"href":"https:\/\/blogdoedvaldomagalhaes.com.br\/index.php\/wp-json\/wp\/v2\/posts"}],"about":[{"href":"https:\/\/blogdoedvaldomagalhaes.com.br\/index.php\/wp-json\/wp\/v2\/types\/post"}],"author":[{"embeddable":true,"href":"https:\/\/blogdoedvaldomagalhaes.com.br\/index.php\/wp-json\/wp\/v2\/users\/1"}],"replies":[{"embeddable":true,"href":"https:\/\/blogdoedvaldomagalhaes.com.br\/index.php\/wp-json\/wp\/v2\/comments?post=71955"}],"version-history":[{"count":1,"href":"https:\/\/blogdoedvaldomagalhaes.com.br\/index.php\/wp-json\/wp\/v2\/posts\/71955\/revisions"}],"predecessor-version":[{"id":71957,"href":"https:\/\/blogdoedvaldomagalhaes.com.br\/index.php\/wp-json\/wp\/v2\/posts\/71955\/revisions\/71957"}],"wp:featuredmedia":[{"embeddable":true,"href":"https:\/\/blogdoedvaldomagalhaes.com.br\/index.php\/wp-json\/wp\/v2\/media\/71956"}],"wp:attachment":[{"href":"https:\/\/blogdoedvaldomagalhaes.com.br\/index.php\/wp-json\/wp\/v2\/media?parent=71955"}],"wp:term":[{"taxonomy":"category","embeddable":true,"href":"https:\/\/blogdoedvaldomagalhaes.com.br\/index.php\/wp-json\/wp\/v2\/categories?post=71955"},{"taxonomy":"post_tag","embeddable":true,"href":"https:\/\/blogdoedvaldomagalhaes.com.br\/index.php\/wp-json\/wp\/v2\/tags?post=71955"}],"curies":[{"name":"wp","href":"https:\/\/api.w.org\/{rel}","templated":true}]}}