{"id":71952,"date":"2021-07-12T11:18:47","date_gmt":"2021-07-12T14:18:47","guid":{"rendered":"https:\/\/blogdoedvaldomagalhaes.com.br\/?p=71952"},"modified":"2021-07-12T11:18:48","modified_gmt":"2021-07-12T14:18:48","slug":"mulheres-nao-devem-fazer-exames-de-mamografia-imediatamente-apos-tomarem-a-vacina-contra-a-covid-19","status":"publish","type":"post","link":"https:\/\/blogdoedvaldomagalhaes.com.br\/index.php\/2021\/07\/12\/mulheres-nao-devem-fazer-exames-de-mamografia-imediatamente-apos-tomarem-a-vacina-contra-a-covid-19\/","title":{"rendered":"Mulheres n\u00e3o devem fazer exames de mamografia imediatamente ap\u00f3s tomarem a vacina contra a Covid-19"},"content":{"rendered":"<p style=\"text-align: justify;\"><span style=\"font-size: inherit;\">Foi registrado um aumento de descri\u00e7\u00f5es pelos radiologistas, nos laudos de mamografias e ultrassonografias, da presen\u00e7a de linfonodos, tamb\u00e9m chamados g\u00e2nglios ou \u00ednguas, nas axilas das pacientes, sugerindo doen\u00e7as que deveriam ser investigadas. Isso, no entanto, pode estar associado a vacina\u00e7\u00e3o contra a Covid-19 e n\u00e3o significa que a mulher est\u00e1 apresentando alguma doen\u00e7a, muito menos que a vacina pode causar c\u00e2ncer.<\/span><\/p>\n<p style=\"text-align: justify;\">Para melhor compreens\u00e3o, a professora Andressa Oliveira, Enfermeira Especialista em Ginecologia e Obstetr\u00edcia, Mestranda em Educa\u00e7\u00e3o no Ensino de Ci\u00eancias e professora do curso de gradua\u00e7\u00e3o e p\u00f3s-gradua\u00e7\u00e3o de Enfermagem da UniFavip, explica:<\/p>\n<p style=\"text-align: justify;\">\u201cOs g\u00e2nglios s\u00e3o pequenas estruturas em forma de feij\u00e3o, que fazem parte do sistema linf\u00e1tico. Eles filtram as subst\u00e2ncias que viajam atrav\u00e9s do fluido linf\u00e1tico e cont\u00e9m linf\u00f3citos (c\u00e9lulas de defesa) que ajudam a combater infec\u00e7\u00f5es. Ap\u00f3s a vacina\u00e7\u00e3o contra a Covid-19, assim como com outras vacinas, nosso sistema imunol\u00f3gico \u00e9 estimulado a atuar e recrutar as c\u00e9lulas de defesa, uma vez que a vacina \u00e9 a inocula\u00e7\u00e3o de uma part\u00edcula que provoca um processo inflamat\u00f3rio, e isso pode tornar esses linfonodos mais palp\u00e1veis e, em algumas pessoas, um pouco mais dolorosos. Sendo um sinal de que est\u00e1 ocorrendo uma resposta \u00e0 imuniza\u00e7\u00e3o\u201d, esclarece.<\/p>\n<p style=\"text-align: justify;\">Dessa forma, para evitar preocupa\u00e7\u00f5es excessivas ou mesmo falsas suspeitas, a Sociedade Brasileira de Mastologia (SBM) orienta as mulheres a realizarem suas mamografias de rotina antes da vacina\u00e7\u00e3o, ou faz\u00ea-la quatro semanas ap\u00f3s a segunda dose. \u201cDepois desse per\u00edodo, os linfonodos regridem, isto \u00e9, voltam ao normal, na grande maioria das vezes. Lembrando que as mulheres que tiverem que fazer o exame de rastreamento porque est\u00e3o investigando algum n\u00f3dulo ou caro\u00e7o suspeito na mama, devem realizar a mamografia, mas informar que tomaram a vacina. Assim, a equipe ficar\u00e1 atenta\u201d, ressalta a docente, que reitera sobre quando se deve buscar ajuda m\u00e9dica.<\/p>\n<p style=\"text-align: justify;\">\u201cSe esse sinal durar mais que quatro semanas \u00e9 importante procurar por assist\u00eancia m\u00e9dica para investigar. A vacina n\u00e3o causa c\u00e2ncer, no entanto, alguma mulher pode, coincidentemente, apresentar sinais cl\u00ednicos do c\u00e2ncer de mama na mesma \u00e9poca em que recebeu o imunizante, sem que haja qualquer rela\u00e7\u00e3o entre uma coisa e outra\u201d, conclui a especialista.<\/p>\n","protected":false},"excerpt":{"rendered":"<p>Foi registrado um aumento de descri\u00e7\u00f5es pelos radiologistas, nos laudos de mamografias e ultrassonografias, da presen\u00e7a de linfonodos, tamb\u00e9m chamados&hellip;<\/p>\n","protected":false},"author":1,"featured_media":71953,"comment_status":"open","ping_status":"open","sticky":false,"template":"","format":"standard","meta":{"footnotes":""},"categories":[14120],"tags":[2,19532,22154,1950],"class_list":["post-71952","post","type-post","status-publish","format-standard","has-post-thumbnail","hentry","category-noticias","tag-blog-do-edvaldo-magalhaes","tag-blog-mais-acessado-e-visualizado-de-caruaru-e-regiao","tag-mulheres-nao-devem-fazer-exames-de-mamografia-imediatamente-apos-tomarem-a-vacina-contra-a-covid-19","tag-noticias-de-caruaru"],"_links":{"self":[{"href":"https:\/\/blogdoedvaldomagalhaes.com.br\/index.php\/wp-json\/wp\/v2\/posts\/71952","targetHints":{"allow":["GET"]}}],"collection":[{"href":"https:\/\/blogdoedvaldomagalhaes.com.br\/index.php\/wp-json\/wp\/v2\/posts"}],"about":[{"href":"https:\/\/blogdoedvaldomagalhaes.com.br\/index.php\/wp-json\/wp\/v2\/types\/post"}],"author":[{"embeddable":true,"href":"https:\/\/blogdoedvaldomagalhaes.com.br\/index.php\/wp-json\/wp\/v2\/users\/1"}],"replies":[{"embeddable":true,"href":"https:\/\/blogdoedvaldomagalhaes.com.br\/index.php\/wp-json\/wp\/v2\/comments?post=71952"}],"version-history":[{"count":1,"href":"https:\/\/blogdoedvaldomagalhaes.com.br\/index.php\/wp-json\/wp\/v2\/posts\/71952\/revisions"}],"predecessor-version":[{"id":71954,"href":"https:\/\/blogdoedvaldomagalhaes.com.br\/index.php\/wp-json\/wp\/v2\/posts\/71952\/revisions\/71954"}],"wp:featuredmedia":[{"embeddable":true,"href":"https:\/\/blogdoedvaldomagalhaes.com.br\/index.php\/wp-json\/wp\/v2\/media\/71953"}],"wp:attachment":[{"href":"https:\/\/blogdoedvaldomagalhaes.com.br\/index.php\/wp-json\/wp\/v2\/media?parent=71952"}],"wp:term":[{"taxonomy":"category","embeddable":true,"href":"https:\/\/blogdoedvaldomagalhaes.com.br\/index.php\/wp-json\/wp\/v2\/categories?post=71952"},{"taxonomy":"post_tag","embeddable":true,"href":"https:\/\/blogdoedvaldomagalhaes.com.br\/index.php\/wp-json\/wp\/v2\/tags?post=71952"}],"curies":[{"name":"wp","href":"https:\/\/api.w.org\/{rel}","templated":true}]}}