{"id":71949,"date":"2021-07-12T11:10:53","date_gmt":"2021-07-12T14:10:53","guid":{"rendered":"https:\/\/blogdoedvaldomagalhaes.com.br\/?p=71949"},"modified":"2021-07-12T11:10:57","modified_gmt":"2021-07-12T14:10:57","slug":"movimentos-das-articulacoes-do-corpo-humano-podem-ser-afetados-pela-bursite","status":"publish","type":"post","link":"https:\/\/blogdoedvaldomagalhaes.com.br\/index.php\/2021\/07\/12\/movimentos-das-articulacoes-do-corpo-humano-podem-ser-afetados-pela-bursite\/","title":{"rendered":"Movimentos das articula\u00e7\u00f5es do corpo humano podem ser afetados pela Bursite"},"content":{"rendered":"<p style=\"text-align: justify;\"><span style=\"font-size: inherit;\">A bursite \u00e9 um dos problemas mais comuns nos consult\u00f3rios de ortopedia. N\u00e3o h\u00e1 registros precisos sobre a preval\u00eancia de casos no mundo, mas \u00e9 um dos principais motivos da busca por atendimento m\u00e9dico no que diz respeito \u00e0s dores ortop\u00e9dicas, assim como a tendinite e a dor lombar. Mas o que \u00e9 de fato a bursite? \u00c9 um processo inflamat\u00f3rio na bursa, pequena bolsa que cont\u00e9m o l\u00edquido sinovial e \u00e9 respons\u00e1vel por amortecer os impactos nas articula\u00e7\u00f5es, reduzindo o atrito nos movimentos, facilitando o deslizamento de m\u00fasculos e tend\u00f5es sobre as partes \u00f3sseas. Esta inflama\u00e7\u00e3o pode levar o paciente a ter seus movimentos limitados. \u201cComo o principal sintoma \u00e9 a dor, a bursite \u00e9 mais frequente no ombro, no quadril, joelho e cotovelo, ou seja, nas grandes articula\u00e7\u00f5es\u201d, explica o m\u00e9dico ortopedista Maur\u00edcio Paes, especialista em quadril da cl\u00ednica Seot \u2013 Santa Efig\u00eania Ortopedia e Traumatologia.<\/span><\/p>\n<p style=\"text-align: justify;\">A dor causada pela bursite \u00e9 pontual e n\u00e3o irradia. Quem a tem no ombro, por exemplo, n\u00e3o consegue elevar o bra\u00e7o ou fazer movimentos de maior amplitude; se \u00e9 no quadril ou no joelho, o indiv\u00edduo fica com grande dificuldade de andar. \u00c9 um quadro agudo, s\u00fabito, porque muitas vezes a pessoa vai dormir bem e acorda com a dor\u201d, acrescenta Maur\u00edcio Paes. Quando se fala nos fatores de risco, o especialista afirma que a idade \u00e9 um dos maiores: \u201c\u00e9 uma doen\u00e7a que \u00e9 mais frequente em pessoas mais velhas, pelo pr\u00f3prio desgaste que o corpo sofre com o tempo. Por\u00e9m, na atualidade, com o aumento da intensidade da sobrecarga em atividades f\u00edsicas ou no trabalho, a\u00e7\u00f5es que exigem movimentos repetitivos, pessoas mais jovens tendem a exigir mais das articula\u00e7\u00f5es, acarretando o aumento da quantidade de l\u00edquido sinovial da Bursa, provocando a inflama\u00e7\u00e3o e, consequentemente a dor\u201d.<\/p>\n<p style=\"text-align: justify;\">Para se chegar ao diagn\u00f3stico preciso, s\u00e3o necess\u00e1rios alguns exames para que outras causas de doen\u00e7as sejam exclu\u00eddas. \u201cA ultrassom ou a resson\u00e2ncia magn\u00e9tica s\u00e3o aliadas do especialista para se chegar \u00e0 certeza da inflama\u00e7\u00e3o, embora, muitas vezes, a pr\u00f3pria tendinite pode estar relacionada \u00e0s dores\u201d, ressalta o ortopedista. O tratamento na maioria absoluta dos casos \u00e9 conservador: \u201cde in\u00edcio s\u00e3o feitas todas as medidas para diminuir a atividade inflamat\u00f3ria, desde mudan\u00e7as de atividades comportamentais, seja no trabalho ou nos esportes; deve-se dar um repouso \u00e0 articula\u00e7\u00e3o, realizando em alguns momentos a crioterapia, ou seja, compressa com gelo, que auxilia bastante na diminui\u00e7\u00e3o do edema; tamb\u00e9m se faz necess\u00e1rio o uso de medicamentos anti-inflamat\u00f3rios e analg\u00e9sicos; por fim, a fisioterapia \u00e9 essencial para fortalecer e alongar a musculatura\u201d descreve o especialista.<\/p>\n<p style=\"text-align: justify;\">Para a recupera\u00e7\u00e3o total, o tratamento pode levar de uma semana at\u00e9 quinze dias. Mas, para isso, Maur\u00edcio Paes alerta: \u201cse o paciente n\u00e3o tiver consci\u00eancia de que \u00e9 imprescind\u00edvel a mudan\u00e7a de h\u00e1bitos, depois de algum tempo a inflama\u00e7\u00e3o pode voltar. E em caso de reincid\u00eancia, a procura por um m\u00e9dico especialista \u00e9 primordial\u201d, conclui.<\/p>\n<p style=\"text-align: justify;\">Imagem \u2013 Bursite no Quadril (Shutterstock)<\/p>\n","protected":false},"excerpt":{"rendered":"<p>A bursite \u00e9 um dos problemas mais comuns nos consult\u00f3rios de ortopedia. N\u00e3o h\u00e1 registros precisos sobre a preval\u00eancia de&hellip;<\/p>\n","protected":false},"author":1,"featured_media":71950,"comment_status":"open","ping_status":"open","sticky":false,"template":"","format":"standard","meta":{"footnotes":""},"categories":[14120],"tags":[2,19532,22153,1950],"class_list":["post-71949","post","type-post","status-publish","format-standard","has-post-thumbnail","hentry","category-noticias","tag-blog-do-edvaldo-magalhaes","tag-blog-mais-acessado-e-visualizado-de-caruaru-e-regiao","tag-movimentos-das-articulacoes-do-corpo-humano-podem-ser-afetados-pela-bursite","tag-noticias-de-caruaru"],"_links":{"self":[{"href":"https:\/\/blogdoedvaldomagalhaes.com.br\/index.php\/wp-json\/wp\/v2\/posts\/71949","targetHints":{"allow":["GET"]}}],"collection":[{"href":"https:\/\/blogdoedvaldomagalhaes.com.br\/index.php\/wp-json\/wp\/v2\/posts"}],"about":[{"href":"https:\/\/blogdoedvaldomagalhaes.com.br\/index.php\/wp-json\/wp\/v2\/types\/post"}],"author":[{"embeddable":true,"href":"https:\/\/blogdoedvaldomagalhaes.com.br\/index.php\/wp-json\/wp\/v2\/users\/1"}],"replies":[{"embeddable":true,"href":"https:\/\/blogdoedvaldomagalhaes.com.br\/index.php\/wp-json\/wp\/v2\/comments?post=71949"}],"version-history":[{"count":1,"href":"https:\/\/blogdoedvaldomagalhaes.com.br\/index.php\/wp-json\/wp\/v2\/posts\/71949\/revisions"}],"predecessor-version":[{"id":71951,"href":"https:\/\/blogdoedvaldomagalhaes.com.br\/index.php\/wp-json\/wp\/v2\/posts\/71949\/revisions\/71951"}],"wp:featuredmedia":[{"embeddable":true,"href":"https:\/\/blogdoedvaldomagalhaes.com.br\/index.php\/wp-json\/wp\/v2\/media\/71950"}],"wp:attachment":[{"href":"https:\/\/blogdoedvaldomagalhaes.com.br\/index.php\/wp-json\/wp\/v2\/media?parent=71949"}],"wp:term":[{"taxonomy":"category","embeddable":true,"href":"https:\/\/blogdoedvaldomagalhaes.com.br\/index.php\/wp-json\/wp\/v2\/categories?post=71949"},{"taxonomy":"post_tag","embeddable":true,"href":"https:\/\/blogdoedvaldomagalhaes.com.br\/index.php\/wp-json\/wp\/v2\/tags?post=71949"}],"curies":[{"name":"wp","href":"https:\/\/api.w.org\/{rel}","templated":true}]}}