{"id":71944,"date":"2021-07-11T20:06:38","date_gmt":"2021-07-11T23:06:38","guid":{"rendered":"https:\/\/blogdoedvaldomagalhaes.com.br\/?p=71944"},"modified":"2021-07-11T20:11:30","modified_gmt":"2021-07-11T23:11:30","slug":"pernambuco-tem-981-recuperados-de-covid-19-nas-ultimas-24-horas","status":"publish","type":"post","link":"https:\/\/blogdoedvaldomagalhaes.com.br\/index.php\/2021\/07\/11\/pernambuco-tem-981-recuperados-de-covid-19-nas-ultimas-24-horas\/","title":{"rendered":"Pernambuco tem 981 recuperados de covid-19 nas \u00faltimas 24 horas"},"content":{"rendered":"<p style=\"text-align: justify;\"><span lang=\"PT\">A Secretaria Estadual de Sa\u00fade (SES-PE) registrou, neste domingo (11\/07), 923 casos da Covid-19 e 981 recuperados. Entre os confirmados hoje, 41 (4%) s\u00e3o casos de S\u00edndrome Respirat\u00f3ria Aguda Grave (SRAG) e 882 (96%) s\u00e3o leves. Agora, Pernambuco totaliza 569.863 casos confirmados da doen\u00e7a, sendo 50.538 graves e 519.325 leves, que est\u00e3o distribu\u00eddos por todos os 184 munic\u00edpios pernambucanos, al\u00e9m do arquip\u00e9lago de Fernando de Noronha.<\/span><\/p>\n<p style=\"text-align: justify;\"><span lang=\"PT\">Al\u00e9m disso, o boletim registra um total de 489.824 pacientes recuperados da doen\u00e7a. Destes,&nbsp;29.166&nbsp;eram pacientes graves, que necessitaram de internamento hospitalar, 460.658 eram&nbsp;casos&nbsp;leves.<\/span><\/p>\n<p style=\"text-align: justify;\"><span lang=\"PT\">Tamb\u00e9m foram confirmados laboratorialmente 10 novos \u00f3bitos (6 masculinos e 4 femininos), ocorridos entre os dias 10\/04\/2021 e 10\/7\/2021. As novas mortes s\u00e3o de pessoas residentes dos munic\u00edpios de \u00c1guas Belas (1), Bom Conselho (1), Igarassu (1), Jaboat\u00e3o dos Guararapes (2), Nazar\u00e9 da Mata (1), Olinda (1), Orob\u00f3 (1) e Recife&nbsp;&nbsp;&nbsp; (2). Com isso, o Estado totaliza 18.110 mortes pela doen\u00e7a.<\/span><\/p>\n<p style=\"text-align: justify;\"><span lang=\"PT\">Os pacientes tinham idades entre 37 e 91 anos. As faixas et\u00e1rias s\u00e3o: 30 a 39 (1), 40 a 49 (1), 50 a 59 (5), 70 a 79 (1), 80 ou mais (2). Do total, 5 tinham doen\u00e7as preexistentes: doen\u00e7a cardiovascular (1), diabetes (2), hipertens\u00e3o (3), obesidade (1) e tabagismo\/hist\u00f3rico de tabagismo (1) &#8211; um paciente pode ter mais de uma comorbidade. Os demais seguem em investiga\u00e7\u00e3o.<\/span><\/p>\n<p style=\"text-align: justify;\"><b><span lang=\"PT\">BALAN\u00c7O DA VACINA\u00c7\u00c3O<\/span><\/b><span lang=\"PT\">&nbsp;&#8211; Pernambuco j\u00e1 aplicou 4.854.249 doses de vacinas contra a Covid-19 na sua popula\u00e7\u00e3o, desde o in\u00edcio da campanha de imuniza\u00e7\u00e3o no Estado. Desse total, 1.279.607 pernambucanos completaram seus esquemas vacinais, sendo 1.132.223 pessoas que foram vacinadas com imunizantes aplicados em duas doses e outros 147.384 pernambucanos que foram contemplados com vacina aplicada em dose \u00fanica.<\/span><\/p>\n<p style=\"text-align: justify;\"><span lang=\"PT\">Em rela\u00e7\u00e3o \u00e0s primeiras doses, foram 3.574.642 aplica\u00e7\u00f5es. Ao todo, foram feitas a primeira dose em 308.767 trabalhadores de sa\u00fade; 26.073 povos ind\u00edgenas aldeados; 43.367 em comunidades quilombolas; 7.700 idosos em Institui\u00e7\u00f5es de Longa Perman\u00eancia; 672.826 idosos de 60 a 69 anos; 602.957 idosos de 70 e mais; 1.554 pessoas com defici\u00eancia institucionalizadas; 399.963 pessoas com comorbidades; 31.687 pessoas com defici\u00eancia permanente; 59.834 gestantes e pu\u00e9rperas; 332.179 trabalhadores de servi\u00e7os essenciais; 1.330 pessoas em situa\u00e7\u00e3o de rua; 23.996 pessoas privadas de liberdade, al\u00e9m de 1.062.409 pessoas de 18 a 59 anos.<\/span><\/p>\n<p style=\"text-align: justify;\"><span lang=\"PT\">Em rela\u00e7\u00e3o \u00e0s segundas doses, j\u00e1 foram beneficiados 225.641 trabalhadores de sa\u00fade; 25.804 povos ind\u00edgenas aldeados; 25.582 em comunidades quilombolas; 5.884 idosos institucionalizados; 336.201 idosos de 60 a 69 anos; 502.734 idosos de 70 anos e mais; 1.181 pessoas com defici\u00eancia institucionalizadas; 3.608 pessoas com comorbidades; 5.588 trabalhadores de servi\u00e7os essenciais; totalizando 1.132.223 pernambucanos.<\/span><\/p>\n<p style=\"text-align: justify;\"><span lang=\"PT\">Em rela\u00e7\u00e3o \u00e0 dose \u00fanica, foram beneficiadas 1.693 idosos de 60 a 69 anos; 2.752 idosos de 70 anos e mais; 1.169 pessoas com comorbidades; 177 pessoas com defici\u00eancia permanente; 9.990 trabalhadores de servi\u00e7os essenciais; 405 pessoas em situa\u00e7\u00e3o de rua, al\u00e9m de 131.198 pessoas de 18 a 59 anos.<\/span><\/p>\n\n\n<figure class=\"wp-block-image size-large\"><img loading=\"lazy\" decoding=\"async\" width=\"1024\" height=\"1024\" src=\"https:\/\/blogdoedvaldomagalhaes.com.br\/wp-content\/uploads\/2021\/07\/IMG_20210711_194856-1024x1024.jpg\" alt=\"\" class=\"wp-image-71947\" srcset=\"https:\/\/blogdoedvaldomagalhaes.com.br\/wp-content\/uploads\/2021\/07\/IMG_20210711_194856-1024x1024.jpg 1024w, https:\/\/blogdoedvaldomagalhaes.com.br\/wp-content\/uploads\/2021\/07\/IMG_20210711_194856-300x300.jpg 300w, https:\/\/blogdoedvaldomagalhaes.com.br\/wp-content\/uploads\/2021\/07\/IMG_20210711_194856-150x150.jpg 150w, https:\/\/blogdoedvaldomagalhaes.com.br\/wp-content\/uploads\/2021\/07\/IMG_20210711_194856-768x768.jpg 768w, https:\/\/blogdoedvaldomagalhaes.com.br\/wp-content\/uploads\/2021\/07\/IMG_20210711_194856.jpg 1080w\" sizes=\"auto, (max-width: 1024px) 100vw, 1024px\" \/><\/figure>\n","protected":false},"excerpt":{"rendered":"<p>A Secretaria Estadual de Sa\u00fade (SES-PE) registrou, neste domingo (11\/07), 923 casos da Covid-19 e 981 recuperados. Entre os confirmados&hellip;<\/p>\n","protected":false},"author":1,"featured_media":71945,"comment_status":"open","ping_status":"open","sticky":false,"template":"","format":"standard","meta":{"footnotes":""},"categories":[14120],"tags":[2,19532,1950,19670,22152],"class_list":["post-71944","post","type-post","status-publish","format-standard","has-post-thumbnail","hentry","category-noticias","tag-blog-do-edvaldo-magalhaes","tag-blog-mais-acessado-e-visualizado-de-caruaru-e-regiao","tag-noticias-de-caruaru","tag-novo-coronavirus","tag-pernambuco-tem-981-recuperados-de-covid-19-nas-ultimas-24-horas"],"_links":{"self":[{"href":"https:\/\/blogdoedvaldomagalhaes.com.br\/index.php\/wp-json\/wp\/v2\/posts\/71944","targetHints":{"allow":["GET"]}}],"collection":[{"href":"https:\/\/blogdoedvaldomagalhaes.com.br\/index.php\/wp-json\/wp\/v2\/posts"}],"about":[{"href":"https:\/\/blogdoedvaldomagalhaes.com.br\/index.php\/wp-json\/wp\/v2\/types\/post"}],"author":[{"embeddable":true,"href":"https:\/\/blogdoedvaldomagalhaes.com.br\/index.php\/wp-json\/wp\/v2\/users\/1"}],"replies":[{"embeddable":true,"href":"https:\/\/blogdoedvaldomagalhaes.com.br\/index.php\/wp-json\/wp\/v2\/comments?post=71944"}],"version-history":[{"count":2,"href":"https:\/\/blogdoedvaldomagalhaes.com.br\/index.php\/wp-json\/wp\/v2\/posts\/71944\/revisions"}],"predecessor-version":[{"id":71948,"href":"https:\/\/blogdoedvaldomagalhaes.com.br\/index.php\/wp-json\/wp\/v2\/posts\/71944\/revisions\/71948"}],"wp:featuredmedia":[{"embeddable":true,"href":"https:\/\/blogdoedvaldomagalhaes.com.br\/index.php\/wp-json\/wp\/v2\/media\/71945"}],"wp:attachment":[{"href":"https:\/\/blogdoedvaldomagalhaes.com.br\/index.php\/wp-json\/wp\/v2\/media?parent=71944"}],"wp:term":[{"taxonomy":"category","embeddable":true,"href":"https:\/\/blogdoedvaldomagalhaes.com.br\/index.php\/wp-json\/wp\/v2\/categories?post=71944"},{"taxonomy":"post_tag","embeddable":true,"href":"https:\/\/blogdoedvaldomagalhaes.com.br\/index.php\/wp-json\/wp\/v2\/tags?post=71944"}],"curies":[{"name":"wp","href":"https:\/\/api.w.org\/{rel}","templated":true}]}}