{"id":71935,"date":"2021-07-11T17:57:50","date_gmt":"2021-07-11T20:57:50","guid":{"rendered":"https:\/\/blogdoedvaldomagalhaes.com.br\/?p=71935"},"modified":"2021-07-12T16:23:12","modified_gmt":"2021-07-12T19:23:12","slug":"central-e-derrotado-pelo-abc-em-natal-pela-serie-d","status":"publish","type":"post","link":"https:\/\/blogdoedvaldomagalhaes.com.br\/index.php\/2021\/07\/11\/central-e-derrotado-pelo-abc-em-natal-pela-serie-d\/","title":{"rendered":"Central \u00e9 derrotado pelo ABC em Natal pela S\u00e9rie D"},"content":{"rendered":"<p style=\"text-align: justify;\">O Central foi derrotado pelo ABC, por 2 a 0, gols de Vinicius Paulista, no Est\u00e1dio Frasqueir\u00e3o, em Natal, pela S\u00e9rie D, neste domingo (11).<\/p>\n<p style=\"text-align: justify;\">No 1\u00b0 tempo, o ABC criou 8 oportunidades de marcar o gol, com tr\u00eas grandes defesas do goleiro Andrade, 4 chutes passaram perto do goleiro centralino, e o gol de Vin\u00edcius Paulista. J\u00e1 a Patativa s\u00f3 teve duas chances reais de marcar o gol, com um chute do volante Jo\u00e3o Victor de fora da \u00e1rea e uma cabe\u00e7ada ap\u00f3s um escanteio. No 2\u00b0 tempo, o ABC criou mais 5 chances de fazer gols, entre elas, Vinicius Paulista fez o 2\u00b0 gol, e&nbsp;o Central&nbsp; criou 3 oportunidades.<\/p>\n<p style=\"text-align: justify;\">Jogos do grupo A3 nesta rodada: Sousa 7&#215;0 Cauc\u00e1ia&nbsp; e Atl\u00e9tico Cearense 2&#215;3 Campinense, nesse s\u00e1bado (11), al\u00e9m de Treze 2&#215;2 Am\u00e9rica de Natal e ABC 2&#215;0 Central, neste domingo (11). O pr\u00f3ximo jogo da Patativa ser\u00e1 contra o Atl\u00e9tico Cearense, no Est\u00e1dio Lacerd\u00e3o, em Caruaru, domingo (18).<\/p>\n<p style=\"text-align: justify;\">Classifica\u00e7\u00e3o do grupo A3: l\u00edder ABC com 12 pontos, vice-l\u00edder Sousa 11 pontos, 3\u00b0 colocado Campinense 11 pontos, 4\u00b0 colocado Am\u00e9rica de Natal com 08 pontos, 5\u00b0 colocado Atl\u00e9tico Cearense com 07 pontos, 6\u00b0 colocado Central com 05 pontos, pen\u00faltimo colocado Cauc\u00e1ia com 05 pontos e lanterna Treze com 05 pontos.<\/p>\n\n\n<figure class=\"wp-block-image size-large\"><img loading=\"lazy\" decoding=\"async\" width=\"1024\" height=\"473\" src=\"https:\/\/blogdoedvaldomagalhaes.com.br\/wp-content\/uploads\/2021\/07\/IMG-20210711-WA0164-1024x473.jpg\" alt=\"\" class=\"wp-image-71942\" srcset=\"https:\/\/blogdoedvaldomagalhaes.com.br\/wp-content\/uploads\/2021\/07\/IMG-20210711-WA0164-1024x473.jpg 1024w, https:\/\/blogdoedvaldomagalhaes.com.br\/wp-content\/uploads\/2021\/07\/IMG-20210711-WA0164-300x139.jpg 300w, https:\/\/blogdoedvaldomagalhaes.com.br\/wp-content\/uploads\/2021\/07\/IMG-20210711-WA0164-768x355.jpg 768w, https:\/\/blogdoedvaldomagalhaes.com.br\/wp-content\/uploads\/2021\/07\/IMG-20210711-WA0164.jpg 1152w\" sizes=\"auto, (max-width: 1024px) 100vw, 1024px\" \/><figcaption>Fotos: Arthur Rodrigues <\/figcaption><\/figure>\n","protected":false},"excerpt":{"rendered":"<p>O Central foi derrotado pelo ABC, por 2 a 0, gols de Vinicius Paulista, no Est\u00e1dio Frasqueir\u00e3o, em Natal, pela&hellip;<\/p>\n","protected":false},"author":1,"featured_media":71936,"comment_status":"open","ping_status":"open","sticky":false,"template":"","format":"standard","meta":{"footnotes":""},"categories":[14123],"tags":[2,19532,22151,2954,3],"class_list":["post-71935","post","type-post","status-publish","format-standard","has-post-thumbnail","hentry","category-futebol","tag-blog-do-edvaldo-magalhaes","tag-blog-mais-acessado-e-visualizado-de-caruaru-e-regiao","tag-central-e-derrotado-pelo-abc-em-natal-pela-serie-d","tag-central-sport-club","tag-futebol"],"_links":{"self":[{"href":"https:\/\/blogdoedvaldomagalhaes.com.br\/index.php\/wp-json\/wp\/v2\/posts\/71935","targetHints":{"allow":["GET"]}}],"collection":[{"href":"https:\/\/blogdoedvaldomagalhaes.com.br\/index.php\/wp-json\/wp\/v2\/posts"}],"about":[{"href":"https:\/\/blogdoedvaldomagalhaes.com.br\/index.php\/wp-json\/wp\/v2\/types\/post"}],"author":[{"embeddable":true,"href":"https:\/\/blogdoedvaldomagalhaes.com.br\/index.php\/wp-json\/wp\/v2\/users\/1"}],"replies":[{"embeddable":true,"href":"https:\/\/blogdoedvaldomagalhaes.com.br\/index.php\/wp-json\/wp\/v2\/comments?post=71935"}],"version-history":[{"count":5,"href":"https:\/\/blogdoedvaldomagalhaes.com.br\/index.php\/wp-json\/wp\/v2\/posts\/71935\/revisions"}],"predecessor-version":[{"id":71961,"href":"https:\/\/blogdoedvaldomagalhaes.com.br\/index.php\/wp-json\/wp\/v2\/posts\/71935\/revisions\/71961"}],"wp:featuredmedia":[{"embeddable":true,"href":"https:\/\/blogdoedvaldomagalhaes.com.br\/index.php\/wp-json\/wp\/v2\/media\/71936"}],"wp:attachment":[{"href":"https:\/\/blogdoedvaldomagalhaes.com.br\/index.php\/wp-json\/wp\/v2\/media?parent=71935"}],"wp:term":[{"taxonomy":"category","embeddable":true,"href":"https:\/\/blogdoedvaldomagalhaes.com.br\/index.php\/wp-json\/wp\/v2\/categories?post=71935"},{"taxonomy":"post_tag","embeddable":true,"href":"https:\/\/blogdoedvaldomagalhaes.com.br\/index.php\/wp-json\/wp\/v2\/tags?post=71935"}],"curies":[{"name":"wp","href":"https:\/\/api.w.org\/{rel}","templated":true}]}}