{"id":71925,"date":"2021-07-10T15:53:57","date_gmt":"2021-07-10T18:53:57","guid":{"rendered":"https:\/\/blogdoedvaldomagalhaes.com.br\/?p=71925"},"modified":"2023-09-05T12:57:12","modified_gmt":"2023-09-05T15:57:12","slug":"banhista-morre-apos-ser-atacado-por-tubarao-na-praia-de-piedade-neste-sabado-10","status":"publish","type":"post","link":"https:\/\/blogdoedvaldomagalhaes.com.br\/index.php\/2021\/07\/10\/banhista-morre-apos-ser-atacado-por-tubarao-na-praia-de-piedade-neste-sabado-10\/","title":{"rendered":"Banhista morre ap\u00f3s ser atacado por tubar\u00e3o na praia de Piedade, neste s\u00e1bado (10)"},"content":{"rendered":"<p style=\"text-align: justify;\">Um banhista que estava jogando futebol, resolveu entrar no mar para tirar a areia, e quando a \u00e1gua estava em sua cintura, foi atacado por um tubar\u00e3o na praia de Piedade, na altura do Posto 4, pr\u00f3ximo \u00e0 conhecida &#8220;igrejinha&#8221;, neste s\u00e1bado (10.07.21). Marcelo Rocha Santos, de 51 anos de idade, morreu.<\/p>\n<p style=\"text-align: justify;\">A v\u00edtima chegou a ser socorrida pelo Corpo de Bombeiros para o Hospital da Restaura\u00e7\u00e3o (HR), no Derby, \u00e1rea central do Recife, mas, j\u00e1 deu entrada na unidade hospitalar sem vida.<\/p>\n<p>Fonte: Folha de Pernambuco.<\/p>\n<p>Foto: Rafael Furtado.<\/p>\n\n\n<figure class=\"wp-block-image size-large\"><img loading=\"lazy\" decoding=\"async\" width=\"471\" height=\"1024\" src=\"https:\/\/blogdoedvaldomagalhaes.com.br\/wp-content\/uploads\/2021\/07\/IMG-20210710-WA0202-471x1024.jpg\" alt=\"\" class=\"wp-image-71928\" srcset=\"https:\/\/blogdoedvaldomagalhaes.com.br\/wp-content\/uploads\/2021\/07\/IMG-20210710-WA0202-471x1024.jpg 471w, https:\/\/blogdoedvaldomagalhaes.com.br\/wp-content\/uploads\/2021\/07\/IMG-20210710-WA0202-138x300.jpg 138w, https:\/\/blogdoedvaldomagalhaes.com.br\/wp-content\/uploads\/2021\/07\/IMG-20210710-WA0202-707x1536.jpg 707w, https:\/\/blogdoedvaldomagalhaes.com.br\/wp-content\/uploads\/2021\/07\/IMG-20210710-WA0202.jpg 736w\" sizes=\"auto, (max-width: 471px) 100vw, 471px\" \/><figcaption class=\"wp-element-caption\">Foto: Reprodu\u00e7\u00e3o\/Whatsapp <\/figcaption><\/figure>\n\n\n\n<figure class=\"wp-block-image size-large\"><img loading=\"lazy\" decoding=\"async\" width=\"1024\" height=\"626\" src=\"https:\/\/blogdoedvaldomagalhaes.com.br\/wp-content\/uploads\/2021\/07\/IMG_8963-1024x626.jpeg\" alt=\"\" class=\"wp-image-100408\" srcset=\"https:\/\/blogdoedvaldomagalhaes.com.br\/wp-content\/uploads\/2021\/07\/IMG_8963-1024x626.jpeg 1024w, https:\/\/blogdoedvaldomagalhaes.com.br\/wp-content\/uploads\/2021\/07\/IMG_8963-300x183.jpeg 300w, https:\/\/blogdoedvaldomagalhaes.com.br\/wp-content\/uploads\/2021\/07\/IMG_8963-768x469.jpeg 768w, https:\/\/blogdoedvaldomagalhaes.com.br\/wp-content\/uploads\/2021\/07\/IMG_8963.jpeg 1096w\" sizes=\"auto, (max-width: 1024px) 100vw, 1024px\" \/><figcaption class=\"wp-element-caption\">Foto: Reprodu\u00e7\u00e3o\/WhatsApp <\/figcaption><\/figure>\n","protected":false},"excerpt":{"rendered":"<p>Um banhista que estava jogando futebol, resolveu entrar no mar para tirar a areia, e quando a \u00e1gua estava em&hellip;<\/p>\n","protected":false},"author":1,"featured_media":71926,"comment_status":"open","ping_status":"open","sticky":false,"template":"","format":"standard","meta":{"footnotes":""},"categories":[14120],"tags":[22150,2,19532,1950],"class_list":["post-71925","post","type-post","status-publish","format-standard","has-post-thumbnail","hentry","category-noticias","tag-banhista-morre-apos-ser-atacado-por-tubarao-na-praia-de-piedade-neste-sabado-10","tag-blog-do-edvaldo-magalhaes","tag-blog-mais-acessado-e-visualizado-de-caruaru-e-regiao","tag-noticias-de-caruaru"],"_links":{"self":[{"href":"https:\/\/blogdoedvaldomagalhaes.com.br\/index.php\/wp-json\/wp\/v2\/posts\/71925","targetHints":{"allow":["GET"]}}],"collection":[{"href":"https:\/\/blogdoedvaldomagalhaes.com.br\/index.php\/wp-json\/wp\/v2\/posts"}],"about":[{"href":"https:\/\/blogdoedvaldomagalhaes.com.br\/index.php\/wp-json\/wp\/v2\/types\/post"}],"author":[{"embeddable":true,"href":"https:\/\/blogdoedvaldomagalhaes.com.br\/index.php\/wp-json\/wp\/v2\/users\/1"}],"replies":[{"embeddable":true,"href":"https:\/\/blogdoedvaldomagalhaes.com.br\/index.php\/wp-json\/wp\/v2\/comments?post=71925"}],"version-history":[{"count":6,"href":"https:\/\/blogdoedvaldomagalhaes.com.br\/index.php\/wp-json\/wp\/v2\/posts\/71925\/revisions"}],"predecessor-version":[{"id":100410,"href":"https:\/\/blogdoedvaldomagalhaes.com.br\/index.php\/wp-json\/wp\/v2\/posts\/71925\/revisions\/100410"}],"wp:featuredmedia":[{"embeddable":true,"href":"https:\/\/blogdoedvaldomagalhaes.com.br\/index.php\/wp-json\/wp\/v2\/media\/71926"}],"wp:attachment":[{"href":"https:\/\/blogdoedvaldomagalhaes.com.br\/index.php\/wp-json\/wp\/v2\/media?parent=71925"}],"wp:term":[{"taxonomy":"category","embeddable":true,"href":"https:\/\/blogdoedvaldomagalhaes.com.br\/index.php\/wp-json\/wp\/v2\/categories?post=71925"},{"taxonomy":"post_tag","embeddable":true,"href":"https:\/\/blogdoedvaldomagalhaes.com.br\/index.php\/wp-json\/wp\/v2\/tags?post=71925"}],"curies":[{"name":"wp","href":"https:\/\/api.w.org\/{rel}","templated":true}]}}