{"id":71923,"date":"2021-07-10T10:31:27","date_gmt":"2021-07-10T13:31:27","guid":{"rendered":"https:\/\/blogdoedvaldomagalhaes.com.br\/?p=71923"},"modified":"2021-07-10T10:31:28","modified_gmt":"2021-07-10T13:31:28","slug":"passagem-comum-de-onibus-tem-reajuste-de-1212-em-caruaru-neste-domingo-11","status":"publish","type":"post","link":"https:\/\/blogdoedvaldomagalhaes.com.br\/index.php\/2021\/07\/10\/passagem-comum-de-onibus-tem-reajuste-de-1212-em-caruaru-neste-domingo-11\/","title":{"rendered":"Passagem comum de \u00f4nibus tem reajuste de 12,12% em Caruaru neste domingo (11)"},"content":{"rendered":"<p style=\"text-align: justify;\"><span style=\"font-size: inherit;\">A Autarquia de Mobilidade, Tr\u00e2nsito e Transporte de Caruaru (AMTTC) informa, ap\u00f3s reuni\u00e3o realizada no Conselho Municipal de Tr\u00e2nsito e Transportes (Comut), que n\u00e3o haver\u00e1 a incid\u00eancia de nenhum ajuste tarif\u00e1rio do transporte p\u00fablico sobre as linhas do transporte rural, sobre o transporte de servidores municipais e para estudantes da rede municipal de ensino, al\u00e9m do vale comum\/Leva.<\/span><\/p>\n<p style=\"text-align: justify;\">Contudo, a tarifa comum atual sofrer\u00e1 um reajuste de 12,12% no seu valor, percentual inferior no contrato, passando de R$ 3,30 para R$ 3,70. O aumento, previsto anualmente no contrato de concess\u00e3o, n\u00e3o aconteceu em 2020. O reajuste passar\u00e1 a valer j\u00e1 neste domingo (11).<\/p>\n<p style=\"text-align: justify;\">A AMTTC ainda refor\u00e7a que as demais tarifas n\u00e3o foram alteradas, inclusive para os usu\u00e1rios do Leva, que a passagem segue no valor de R$ 3,00.<\/p>\n","protected":false},"excerpt":{"rendered":"<p>A Autarquia de Mobilidade, Tr\u00e2nsito e Transporte de Caruaru (AMTTC) informa, ap\u00f3s reuni\u00e3o realizada no Conselho Municipal de Tr\u00e2nsito e&hellip;<\/p>\n","protected":false},"author":1,"featured_media":13938,"comment_status":"open","ping_status":"open","sticky":false,"template":"","format":"standard","meta":{"footnotes":""},"categories":[14120],"tags":[2,7939,1950,22149],"class_list":["post-71923","post","type-post","status-publish","format-standard","has-post-thumbnail","hentry","category-noticias","tag-blog-do-edvaldo-magalhaes","tag-blog-ultrapassa-4-milhoes-de-visualizacoes-em-11-meses","tag-noticias-de-caruaru","tag-passagem-comum-de-onibus-tem-reajuste-de-12-em-caruaru-a-partir-deste-domingo-11"],"_links":{"self":[{"href":"https:\/\/blogdoedvaldomagalhaes.com.br\/index.php\/wp-json\/wp\/v2\/posts\/71923","targetHints":{"allow":["GET"]}}],"collection":[{"href":"https:\/\/blogdoedvaldomagalhaes.com.br\/index.php\/wp-json\/wp\/v2\/posts"}],"about":[{"href":"https:\/\/blogdoedvaldomagalhaes.com.br\/index.php\/wp-json\/wp\/v2\/types\/post"}],"author":[{"embeddable":true,"href":"https:\/\/blogdoedvaldomagalhaes.com.br\/index.php\/wp-json\/wp\/v2\/users\/1"}],"replies":[{"embeddable":true,"href":"https:\/\/blogdoedvaldomagalhaes.com.br\/index.php\/wp-json\/wp\/v2\/comments?post=71923"}],"version-history":[{"count":1,"href":"https:\/\/blogdoedvaldomagalhaes.com.br\/index.php\/wp-json\/wp\/v2\/posts\/71923\/revisions"}],"predecessor-version":[{"id":71924,"href":"https:\/\/blogdoedvaldomagalhaes.com.br\/index.php\/wp-json\/wp\/v2\/posts\/71923\/revisions\/71924"}],"wp:featuredmedia":[{"embeddable":true,"href":"https:\/\/blogdoedvaldomagalhaes.com.br\/index.php\/wp-json\/wp\/v2\/media\/13938"}],"wp:attachment":[{"href":"https:\/\/blogdoedvaldomagalhaes.com.br\/index.php\/wp-json\/wp\/v2\/media?parent=71923"}],"wp:term":[{"taxonomy":"category","embeddable":true,"href":"https:\/\/blogdoedvaldomagalhaes.com.br\/index.php\/wp-json\/wp\/v2\/categories?post=71923"},{"taxonomy":"post_tag","embeddable":true,"href":"https:\/\/blogdoedvaldomagalhaes.com.br\/index.php\/wp-json\/wp\/v2\/tags?post=71923"}],"curies":[{"name":"wp","href":"https:\/\/api.w.org\/{rel}","templated":true}]}}