{"id":7192,"date":"2017-01-01T20:35:00","date_gmt":"2017-01-01T22:35:00","guid":{"rendered":"http:\/\/blogdoedvaldomagalhaes.com.br\/index.php\/2017\/01\/01\/lula-torres-e-o-novo-presidente-da\/"},"modified":"2019-02-09T01:12:28","modified_gmt":"2019-02-09T03:12:28","slug":"lula-torres-e-o-novo-presidente-da","status":"publish","type":"post","link":"https:\/\/blogdoedvaldomagalhaes.com.br\/index.php\/2017\/01\/01\/lula-torres-e-o-novo-presidente-da\/","title":{"rendered":"Lula Torres \u00e9  o novo presidente da C\u00e2mara de Caruaru, confira o restante da mesa diretora"},"content":{"rendered":"<div style=\"text-align: justify;\">\n<div class=\"separator\" style=\"clear: both; text-align: center;\">\n<\/div>\n<div class=\"separator\" style=\"clear: both; text-align: center;\">\n<\/div>\n<div class=\"separator\" style=\"clear: both; text-align: center;\">\n<a href=\"https:\/\/4.bp.blogspot.com\/-Iq-7iAoTnrc\/WGppJrLGv4I\/AAAAAAAAMzk\/Mv9bM720sgUYmR7To2qLbeIUht_LKDrdwCLcB\/s1600\/camara.jpg\" imageanchor=\"1\" style=\"margin-left: 1em; margin-right: 1em;\"><img loading=\"lazy\" decoding=\"async\" border=\"0\" height=\"280\" src=\"http:\/\/blogdoedvaldomagalhaes.com.br\/wp-content\/uploads\/2017\/01\/camara.jpg\" width=\"400\" \/><\/a><\/div>\n<p>\nO vereador Lula Torres, do PDT, foi eleito novo presidente da C\u00e2mara de Vereadores de Caruaru, com 14 votos, contra 9 de Alberes L\u00f3pes, do PRP. Marcelo Gomes, do PSB, \u00e9 o &nbsp;primeiro vice-presidente e Edmilson do Salgado, do PCdoB, \u00e9 o segundo vice.&nbsp;Leonardo Chaves, do PSD, \u00e9 o primeiro &nbsp;secret\u00e1rio e Presb\u00edtero Andrey Gouveia \u00e9 o segundo, Edjailson da CaruForr\u00f3, do PRTB, \u00e9 o terceiro e Ricardo Liberato \u00e9 o quarto.&nbsp;<\/div>\n<div style=\"text-align: justify;\">\n<br \/>\nO detalhe \u00e9 que dos partidos que compunham a Coliga\u00e7\u00e3o Juntos por Caruaru, que elegeu a prefeita Raquel Lyra, apenas o vereador Edjailson da Caruforr\u00f3 obteve um espa\u00e7o na Mesa (terceiro secret\u00e1rio). Todos os demais integrantes da Mesa estavam na Coliga\u00e7\u00e3o Caruaru Cada Vez Melhor, que apoiava o ex-vice prefeito Jorge Gomes.<\/div>\n","protected":false},"excerpt":{"rendered":"<p>O vereador Lula Torres, do PDT, foi eleito novo presidente da C\u00e2mara de Vereadores de Caruaru, com 14 votos, contra&hellip;<\/p>\n","protected":false},"author":1,"featured_media":0,"comment_status":"open","ping_status":"open","sticky":false,"template":"","format":"standard","meta":{"footnotes":""},"categories":[1],"tags":[2155,2,10003,5310,4648,10004,379,20],"class_list":["post-7192","post","type-post","status-publish","format-standard","hentry","category-sem-categoria","tag-alberes-lopes","tag-blog-do-edvaldo-magalhaes","tag-confira-o-restante-da-mesa-diretora","tag-edmilson-do-salgado","tag-leonardo-chaves","tag-lula-torres-e-o-novo-presidente-da-camara-de-caruaru","tag-marcelo-gomes","tag-politica"],"_links":{"self":[{"href":"https:\/\/blogdoedvaldomagalhaes.com.br\/index.php\/wp-json\/wp\/v2\/posts\/7192","targetHints":{"allow":["GET"]}}],"collection":[{"href":"https:\/\/blogdoedvaldomagalhaes.com.br\/index.php\/wp-json\/wp\/v2\/posts"}],"about":[{"href":"https:\/\/blogdoedvaldomagalhaes.com.br\/index.php\/wp-json\/wp\/v2\/types\/post"}],"author":[{"embeddable":true,"href":"https:\/\/blogdoedvaldomagalhaes.com.br\/index.php\/wp-json\/wp\/v2\/users\/1"}],"replies":[{"embeddable":true,"href":"https:\/\/blogdoedvaldomagalhaes.com.br\/index.php\/wp-json\/wp\/v2\/comments?post=7192"}],"version-history":[{"count":1,"href":"https:\/\/blogdoedvaldomagalhaes.com.br\/index.php\/wp-json\/wp\/v2\/posts\/7192\/revisions"}],"predecessor-version":[{"id":15655,"href":"https:\/\/blogdoedvaldomagalhaes.com.br\/index.php\/wp-json\/wp\/v2\/posts\/7192\/revisions\/15655"}],"wp:attachment":[{"href":"https:\/\/blogdoedvaldomagalhaes.com.br\/index.php\/wp-json\/wp\/v2\/media?parent=7192"}],"wp:term":[{"taxonomy":"category","embeddable":true,"href":"https:\/\/blogdoedvaldomagalhaes.com.br\/index.php\/wp-json\/wp\/v2\/categories?post=7192"},{"taxonomy":"post_tag","embeddable":true,"href":"https:\/\/blogdoedvaldomagalhaes.com.br\/index.php\/wp-json\/wp\/v2\/tags?post=7192"}],"curies":[{"name":"wp","href":"https:\/\/api.w.org\/{rel}","templated":true}]}}