{"id":71917,"date":"2021-07-09T20:07:28","date_gmt":"2021-07-09T23:07:28","guid":{"rendered":"https:\/\/blogdoedvaldomagalhaes.com.br\/?p=71917"},"modified":"2021-07-09T20:07:30","modified_gmt":"2021-07-09T23:07:30","slug":"motorista-e-detido-em-caruaru-com-caminhonete-roubada-e-documento-adulterado","status":"publish","type":"post","link":"https:\/\/blogdoedvaldomagalhaes.com.br\/index.php\/2021\/07\/09\/motorista-e-detido-em-caruaru-com-caminhonete-roubada-e-documento-adulterado\/","title":{"rendered":"Motorista \u00e9 detido em Caruaru com caminhonete roubada e documento adulterado"},"content":{"rendered":"<p style=\"text-align: justify;\">Um homem que dirigia uma caminhonete roubada e portava um documento de ve\u00edculo adulterado foi detido nesta sexta-feira (09) pela Pol\u00edcia Rodovi\u00e1ria Federal (PRF), na BR-232, em Caruaru. O ve\u00edculo teria sido adquirido h\u00e1 quatro meses por cerca de 40 mil reais, que \u00e9 menos da metade do valor de mercado.<\/p>\n<p style=\"text-align: justify;\">O flagrante foi realizado durante a abordagem no Km 114 da rodovia. Em consulta ao documento apresentado pelo motorista, foram verificados diversos sinais de adultera\u00e7\u00e3o. Ap\u00f3s uma identifica\u00e7\u00e3o, foi constatado que o ve\u00edculo portava placas clonadas e possu\u00eda um registro de roubo do dia 20 de mar\u00e7o do ano passado, no Recife.<\/p>\n<p style=\"text-align: justify;\">O motorista informou que n\u00e3o lembrava onde havia comprado a caminhonete e nem quantas parcelas pagou. Ele foi encaminhado \u00e0 Delegacia de Pol\u00edcia Federal de Caruaru e poder\u00e1 responder por uso de documento falso e recepta\u00e7\u00e3o.<\/p>\n","protected":false},"excerpt":{"rendered":"<p>Um homem que dirigia uma caminhonete roubada e portava um documento de ve\u00edculo adulterado foi detido nesta sexta-feira (09) pela&hellip;<\/p>\n","protected":false},"author":1,"featured_media":71918,"comment_status":"open","ping_status":"open","sticky":false,"template":"","format":"standard","meta":{"footnotes":""},"categories":[14121],"tags":[2,19532,22146,1950],"class_list":["post-71917","post","type-post","status-publish","format-standard","has-post-thumbnail","hentry","category-policial","tag-blog-do-edvaldo-magalhaes","tag-blog-mais-acessado-e-visualizado-de-caruaru-e-regiao","tag-motorista-e-detido-em-caruaru-com-caminhonete-roubada-e-documento-adulterado","tag-noticias-de-caruaru"],"_links":{"self":[{"href":"https:\/\/blogdoedvaldomagalhaes.com.br\/index.php\/wp-json\/wp\/v2\/posts\/71917","targetHints":{"allow":["GET"]}}],"collection":[{"href":"https:\/\/blogdoedvaldomagalhaes.com.br\/index.php\/wp-json\/wp\/v2\/posts"}],"about":[{"href":"https:\/\/blogdoedvaldomagalhaes.com.br\/index.php\/wp-json\/wp\/v2\/types\/post"}],"author":[{"embeddable":true,"href":"https:\/\/blogdoedvaldomagalhaes.com.br\/index.php\/wp-json\/wp\/v2\/users\/1"}],"replies":[{"embeddable":true,"href":"https:\/\/blogdoedvaldomagalhaes.com.br\/index.php\/wp-json\/wp\/v2\/comments?post=71917"}],"version-history":[{"count":1,"href":"https:\/\/blogdoedvaldomagalhaes.com.br\/index.php\/wp-json\/wp\/v2\/posts\/71917\/revisions"}],"predecessor-version":[{"id":71919,"href":"https:\/\/blogdoedvaldomagalhaes.com.br\/index.php\/wp-json\/wp\/v2\/posts\/71917\/revisions\/71919"}],"wp:featuredmedia":[{"embeddable":true,"href":"https:\/\/blogdoedvaldomagalhaes.com.br\/index.php\/wp-json\/wp\/v2\/media\/71918"}],"wp:attachment":[{"href":"https:\/\/blogdoedvaldomagalhaes.com.br\/index.php\/wp-json\/wp\/v2\/media?parent=71917"}],"wp:term":[{"taxonomy":"category","embeddable":true,"href":"https:\/\/blogdoedvaldomagalhaes.com.br\/index.php\/wp-json\/wp\/v2\/categories?post=71917"},{"taxonomy":"post_tag","embeddable":true,"href":"https:\/\/blogdoedvaldomagalhaes.com.br\/index.php\/wp-json\/wp\/v2\/tags?post=71917"}],"curies":[{"name":"wp","href":"https:\/\/api.w.org\/{rel}","templated":true}]}}