{"id":71912,"date":"2021-07-09T19:45:32","date_gmt":"2021-07-09T22:45:32","guid":{"rendered":"https:\/\/blogdoedvaldomagalhaes.com.br\/?p=71912"},"modified":"2021-07-09T19:57:16","modified_gmt":"2021-07-09T22:57:16","slug":"fagner-comemora-criacao-da-comissao-de-protecao-e-defesa-dos-direitos-dos-animais","status":"publish","type":"post","link":"https:\/\/blogdoedvaldomagalhaes.com.br\/index.php\/2021\/07\/09\/fagner-comemora-criacao-da-comissao-de-protecao-e-defesa-dos-direitos-dos-animais\/","title":{"rendered":"Fagner comemora cria\u00e7\u00e3o da Comiss\u00e3o de Prote\u00e7\u00e3o e Defesa dos Direitos dos Animais"},"content":{"rendered":"<p style=\"text-align: justify;\"><span style=\"font-size: inherit;\">O vereador Fagner Fernandes (PDT) comemorou a aprova\u00e7\u00e3o do Projeto de Resolu\u00e7\u00e3o, apresentado pela mesa diretora, que cria a Comiss\u00e3o de Prote\u00e7\u00e3o e Defesa dos Direitos dos Animais na C\u00e2mara de Caruaru. O objetivo do projeto \u00e9 garantir uma maior visibilidade para as pol\u00edticas p\u00fablicas voltadas para a causa animal no munic\u00edpio.<\/span><\/p>\n<p style=\"text-align: justify;\">\u201cA C\u00e2mara entra para a hist\u00f3ria de Caruaru. Lembro quando cheguei a esta Casa, como primeiro vereador da causa animal, lutando para ampliar o debate sobre a prote\u00e7\u00e3o dos animais, e agora comemoramos mais essa conquista\u201d, pontuou o parlamentar.<\/p>\n<p style=\"text-align: justify;\">Entre as atribui\u00e7\u00f5es da comiss\u00e3o est\u00e3o: a coibi\u00e7\u00e3o da pr\u00e1tica de abuso, maus-tratos e mutila\u00e7\u00e3o de animais silvestres, dom\u00e9sticos ou domesticados, nativos ou ex\u00f3ticos; Promo\u00e7\u00e3o, no \u00e2mbito legislativo, de estudos, pesquisas e a discuss\u00e3o das leis protetivas dos animais e dos sistemas de garantia de direitos com o apoio dos grupos e organiza\u00e7\u00f5es voltadas ao bem-estar dos animais n\u00e3o-humanos; Fiscaliza\u00e7\u00e3o da implementa\u00e7\u00e3o, no \u00e2mbito municipal, da pol\u00edtica municipal de atendimento dos direitos animais e os programas governamentais ou n\u00e3o-governamentais relativos a esses direitos; entre outros.<\/p>\n<p style=\"text-align: justify;\">Ainda durante a sess\u00e3o plen\u00e1ria virtual, Fagner Fernandes destacou o avan\u00e7o de outras a\u00e7\u00f5es realizadas em Caruaru voltadas para o bem-estar animal, como: a cria\u00e7\u00e3o da GPA (AME animal); Audi\u00eancias p\u00fablicas; Cria\u00e7\u00e3o do c\u00f3digo de prote\u00e7\u00e3o animal e a permiss\u00e3o de circula\u00e7\u00e3o com animais no transporte p\u00fablico.<\/p>\n\n\n<figure class=\"wp-block-image size-large\"><img loading=\"lazy\" decoding=\"async\" width=\"1024\" height=\"670\" src=\"https:\/\/blogdoedvaldomagalhaes.com.br\/wp-content\/uploads\/2021\/07\/IMG-20210709-WA0091-1024x670.jpg\" alt=\"\" class=\"wp-image-71915\" srcset=\"https:\/\/blogdoedvaldomagalhaes.com.br\/wp-content\/uploads\/2021\/07\/IMG-20210709-WA0091-1024x670.jpg 1024w, https:\/\/blogdoedvaldomagalhaes.com.br\/wp-content\/uploads\/2021\/07\/IMG-20210709-WA0091-300x196.jpg 300w, https:\/\/blogdoedvaldomagalhaes.com.br\/wp-content\/uploads\/2021\/07\/IMG-20210709-WA0091-768x503.jpg 768w, https:\/\/blogdoedvaldomagalhaes.com.br\/wp-content\/uploads\/2021\/07\/IMG-20210709-WA0091.jpg 1280w\" sizes=\"auto, (max-width: 1024px) 100vw, 1024px\" \/><figcaption>Fotos: Divulga\u00e7\u00e3o<\/figcaption><\/figure>\n","protected":false},"excerpt":{"rendered":"<p>O vereador Fagner Fernandes (PDT) comemorou a aprova\u00e7\u00e3o do Projeto de Resolu\u00e7\u00e3o, apresentado pela mesa diretora, que cria a Comiss\u00e3o&hellip;<\/p>\n","protected":false},"author":1,"featured_media":71913,"comment_status":"open","ping_status":"open","sticky":false,"template":"","format":"standard","meta":{"footnotes":""},"categories":[14122],"tags":[2,19532,22145,1950],"class_list":["post-71912","post","type-post","status-publish","format-standard","has-post-thumbnail","hentry","category-politica","tag-blog-do-edvaldo-magalhaes","tag-blog-mais-acessado-e-visualizado-de-caruaru-e-regiao","tag-fagner-comemora-criacao-da-comissao-de-protecao-e-defesa-dos-direitos-dos-animais","tag-noticias-de-caruaru"],"_links":{"self":[{"href":"https:\/\/blogdoedvaldomagalhaes.com.br\/index.php\/wp-json\/wp\/v2\/posts\/71912","targetHints":{"allow":["GET"]}}],"collection":[{"href":"https:\/\/blogdoedvaldomagalhaes.com.br\/index.php\/wp-json\/wp\/v2\/posts"}],"about":[{"href":"https:\/\/blogdoedvaldomagalhaes.com.br\/index.php\/wp-json\/wp\/v2\/types\/post"}],"author":[{"embeddable":true,"href":"https:\/\/blogdoedvaldomagalhaes.com.br\/index.php\/wp-json\/wp\/v2\/users\/1"}],"replies":[{"embeddable":true,"href":"https:\/\/blogdoedvaldomagalhaes.com.br\/index.php\/wp-json\/wp\/v2\/comments?post=71912"}],"version-history":[{"count":2,"href":"https:\/\/blogdoedvaldomagalhaes.com.br\/index.php\/wp-json\/wp\/v2\/posts\/71912\/revisions"}],"predecessor-version":[{"id":71916,"href":"https:\/\/blogdoedvaldomagalhaes.com.br\/index.php\/wp-json\/wp\/v2\/posts\/71912\/revisions\/71916"}],"wp:featuredmedia":[{"embeddable":true,"href":"https:\/\/blogdoedvaldomagalhaes.com.br\/index.php\/wp-json\/wp\/v2\/media\/71913"}],"wp:attachment":[{"href":"https:\/\/blogdoedvaldomagalhaes.com.br\/index.php\/wp-json\/wp\/v2\/media?parent=71912"}],"wp:term":[{"taxonomy":"category","embeddable":true,"href":"https:\/\/blogdoedvaldomagalhaes.com.br\/index.php\/wp-json\/wp\/v2\/categories?post=71912"},{"taxonomy":"post_tag","embeddable":true,"href":"https:\/\/blogdoedvaldomagalhaes.com.br\/index.php\/wp-json\/wp\/v2\/tags?post=71912"}],"curies":[{"name":"wp","href":"https:\/\/api.w.org\/{rel}","templated":true}]}}