{"id":71909,"date":"2021-07-09T19:24:46","date_gmt":"2021-07-09T22:24:46","guid":{"rendered":"https:\/\/blogdoedvaldomagalhaes.com.br\/?p=71909"},"modified":"2021-07-09T19:24:47","modified_gmt":"2021-07-09T22:24:47","slug":"receita-federal-apreende-carga-com-100-celulares-no-aeroporto-do-recife","status":"publish","type":"post","link":"https:\/\/blogdoedvaldomagalhaes.com.br\/index.php\/2021\/07\/09\/receita-federal-apreende-carga-com-100-celulares-no-aeroporto-do-recife\/","title":{"rendered":"Receita Federal apreende carga com 100 celulares no Aeroporto do Recife"},"content":{"rendered":"<p style=\"text-align: justify;\">A Receita Federal apreendeu uma carga com 100 celulares do tipo iPhone nesta sexta-feira (09), no Aeroporto Internacional do Recife. Os aparelhos estavam em um voo dom\u00e9stico que saiu do Aeroporto de Viracopos, em Campis, S\u00e3o Paulo.<\/p>\n<p style=\"text-align: justify;\">A carga estava com uma passageira de nome n\u00e3o divulgado e tinha acess\u00f3rios e iPhones de diversos modelos. O valor da mercadoria apreendida \u00e9 avaliado pela Receita em 300 mil reais.<\/p>\n<p style=\"text-align: justify;\">A Pol\u00edcia Federal\u00a0foi acionada para investigar se houve a pr\u00e1tica de crime de descaminho, devido ao n\u00e3o pagamento do imposto devido.<\/p>\n","protected":false},"excerpt":{"rendered":"<p>A Receita Federal apreendeu uma carga com 100 celulares do tipo iPhone nesta sexta-feira (09), no Aeroporto Internacional do Recife.&hellip;<\/p>\n","protected":false},"author":1,"featured_media":71910,"comment_status":"open","ping_status":"open","sticky":false,"template":"","format":"standard","meta":{"footnotes":""},"categories":[14121],"tags":[2,19532,1950,22144],"class_list":["post-71909","post","type-post","status-publish","format-standard","has-post-thumbnail","hentry","category-policial","tag-blog-do-edvaldo-magalhaes","tag-blog-mais-acessado-e-visualizado-de-caruaru-e-regiao","tag-noticias-de-caruaru","tag-receita-federal-apreende-carga-com-100-celulares-no-aeroporto-do-recife"],"_links":{"self":[{"href":"https:\/\/blogdoedvaldomagalhaes.com.br\/index.php\/wp-json\/wp\/v2\/posts\/71909","targetHints":{"allow":["GET"]}}],"collection":[{"href":"https:\/\/blogdoedvaldomagalhaes.com.br\/index.php\/wp-json\/wp\/v2\/posts"}],"about":[{"href":"https:\/\/blogdoedvaldomagalhaes.com.br\/index.php\/wp-json\/wp\/v2\/types\/post"}],"author":[{"embeddable":true,"href":"https:\/\/blogdoedvaldomagalhaes.com.br\/index.php\/wp-json\/wp\/v2\/users\/1"}],"replies":[{"embeddable":true,"href":"https:\/\/blogdoedvaldomagalhaes.com.br\/index.php\/wp-json\/wp\/v2\/comments?post=71909"}],"version-history":[{"count":1,"href":"https:\/\/blogdoedvaldomagalhaes.com.br\/index.php\/wp-json\/wp\/v2\/posts\/71909\/revisions"}],"predecessor-version":[{"id":71911,"href":"https:\/\/blogdoedvaldomagalhaes.com.br\/index.php\/wp-json\/wp\/v2\/posts\/71909\/revisions\/71911"}],"wp:featuredmedia":[{"embeddable":true,"href":"https:\/\/blogdoedvaldomagalhaes.com.br\/index.php\/wp-json\/wp\/v2\/media\/71910"}],"wp:attachment":[{"href":"https:\/\/blogdoedvaldomagalhaes.com.br\/index.php\/wp-json\/wp\/v2\/media?parent=71909"}],"wp:term":[{"taxonomy":"category","embeddable":true,"href":"https:\/\/blogdoedvaldomagalhaes.com.br\/index.php\/wp-json\/wp\/v2\/categories?post=71909"},{"taxonomy":"post_tag","embeddable":true,"href":"https:\/\/blogdoedvaldomagalhaes.com.br\/index.php\/wp-json\/wp\/v2\/tags?post=71909"}],"curies":[{"name":"wp","href":"https:\/\/api.w.org\/{rel}","templated":true}]}}