{"id":71906,"date":"2021-07-09T19:11:03","date_gmt":"2021-07-09T22:11:03","guid":{"rendered":"https:\/\/blogdoedvaldomagalhaes.com.br\/?p=71906"},"modified":"2021-07-12T16:23:46","modified_gmt":"2021-07-12T19:23:46","slug":"galego-de-lajes-solicita-melhorias-para-cidade-e-zona-rural-de-caruaru","status":"publish","type":"post","link":"https:\/\/blogdoedvaldomagalhaes.com.br\/index.php\/2021\/07\/09\/galego-de-lajes-solicita-melhorias-para-cidade-e-zona-rural-de-caruaru\/","title":{"rendered":"Galego de Lajes solicita melhorias para cidade e Zona Rural de Caruaru"},"content":{"rendered":"<p style=\"text-align: justify;\"><span style=\"font-size: inherit;\">O parlamentar Galego de Lajes (MDB, vereador mais votado na zona rural de Caruaru, na \u00faltima elei\u00e7\u00e3o municipal, teve aprovados requerimentos na cidade e Zona Rural, solicitando melhorias para via localizada no bairro Santa Rosa e desobstru\u00e7\u00e3o de esgoto na Vila de Lajes.<\/span><\/p>\n<p style=\"text-align: justify;\">&#8220;Sempre em busca de melhorias em prol de nossa popula\u00e7\u00e3o&#8221;, afirmou Galego de Lajes.<\/p>\n","protected":false},"excerpt":{"rendered":"<p>O parlamentar Galego de Lajes (MDB, vereador mais votado na zona rural de Caruaru, na \u00faltima elei\u00e7\u00e3o municipal, teve aprovados&hellip;<\/p>\n","protected":false},"author":1,"featured_media":71907,"comment_status":"open","ping_status":"open","sticky":false,"template":"","format":"standard","meta":{"footnotes":""},"categories":[14122],"tags":[2,19532,22143,1950,20],"class_list":["post-71906","post","type-post","status-publish","format-standard","has-post-thumbnail","hentry","category-politica","tag-blog-do-edvaldo-magalhaes","tag-blog-mais-acessado-e-visualizado-de-caruaru-e-regiao","tag-galego-de-lajes-solicita-melhorias-para-cidade-e-zona-rural-de-caruaru","tag-noticias-de-caruaru","tag-politica"],"_links":{"self":[{"href":"https:\/\/blogdoedvaldomagalhaes.com.br\/index.php\/wp-json\/wp\/v2\/posts\/71906","targetHints":{"allow":["GET"]}}],"collection":[{"href":"https:\/\/blogdoedvaldomagalhaes.com.br\/index.php\/wp-json\/wp\/v2\/posts"}],"about":[{"href":"https:\/\/blogdoedvaldomagalhaes.com.br\/index.php\/wp-json\/wp\/v2\/types\/post"}],"author":[{"embeddable":true,"href":"https:\/\/blogdoedvaldomagalhaes.com.br\/index.php\/wp-json\/wp\/v2\/users\/1"}],"replies":[{"embeddable":true,"href":"https:\/\/blogdoedvaldomagalhaes.com.br\/index.php\/wp-json\/wp\/v2\/comments?post=71906"}],"version-history":[{"count":1,"href":"https:\/\/blogdoedvaldomagalhaes.com.br\/index.php\/wp-json\/wp\/v2\/posts\/71906\/revisions"}],"predecessor-version":[{"id":71908,"href":"https:\/\/blogdoedvaldomagalhaes.com.br\/index.php\/wp-json\/wp\/v2\/posts\/71906\/revisions\/71908"}],"wp:featuredmedia":[{"embeddable":true,"href":"https:\/\/blogdoedvaldomagalhaes.com.br\/index.php\/wp-json\/wp\/v2\/media\/71907"}],"wp:attachment":[{"href":"https:\/\/blogdoedvaldomagalhaes.com.br\/index.php\/wp-json\/wp\/v2\/media?parent=71906"}],"wp:term":[{"taxonomy":"category","embeddable":true,"href":"https:\/\/blogdoedvaldomagalhaes.com.br\/index.php\/wp-json\/wp\/v2\/categories?post=71906"},{"taxonomy":"post_tag","embeddable":true,"href":"https:\/\/blogdoedvaldomagalhaes.com.br\/index.php\/wp-json\/wp\/v2\/tags?post=71906"}],"curies":[{"name":"wp","href":"https:\/\/api.w.org\/{rel}","templated":true}]}}