{"id":71900,"date":"2021-07-09T14:37:44","date_gmt":"2021-07-09T17:37:44","guid":{"rendered":"https:\/\/blogdoedvaldomagalhaes.com.br\/?p=71900"},"modified":"2021-07-09T14:42:05","modified_gmt":"2021-07-09T17:42:05","slug":"coronavac-pernambuco-recebe-lote-com-mais-de-42-mil-doses","status":"publish","type":"post","link":"https:\/\/blogdoedvaldomagalhaes.com.br\/index.php\/2021\/07\/09\/coronavac-pernambuco-recebe-lote-com-mais-de-42-mil-doses\/","title":{"rendered":"Coronavac: Pernambuco recebe lote com mais de 42 mil doses"},"content":{"rendered":"<p style=\"text-align: justify;\">Uma nova remessa com 42.200 doses da vacina contra a Covid-19 da Coronavac\/Butantan foi entregue no Aeroporto Internacional do Recife\/Guararapes \u2013 Gilberto Freyre, por volta da 01h da madrugada desta sexta-feira (09.07). Com essas doses, a vacina\u00e7\u00e3o ganha mais celeridade e os munic\u00edpios pernambucanos poder\u00e3o avan\u00e7ar na imuniza\u00e7\u00e3o da popula\u00e7\u00e3o, de acordo com a realidade e din\u00e2mica de cada cidade.<\/p>\n<p style=\"text-align: justify;\">\u201cRecebemos dois carregamentos em menos de um dia, o que nos deixa mais otimistas quanto ao progresso da campanha de vacina\u00e7\u00e3o. Mas \u00e9 preciso que os gestores fiquem alertas e planejem bem seus esquemas de imuniza\u00e7\u00e3o em cada cidade, para que tudo corra dentro do previsto e possamos avan\u00e7ar ainda mais no enfrentamento \u00e0 doen\u00e7a\u201d, disse o governador Paulo C\u00e2mara.<\/p>\n<p style=\"text-align: justify;\">Os imunizantes, levados para checagem e armazenamento no Programa Estadual de Imuniza\u00e7\u00e3o (PNI-PE), ser\u00e3o encaminhados ainda na manh\u00e3 desta sexta \u2013 juntamente com as 83.070 doses da Pfizer que chegaram na tarde da quinta-feira (08.07) \u2013 \u00e0s 12 Ger\u00eancias Regionais de Sa\u00fade (Geres), ficando \u00e0 disposi\u00e7\u00e3o para a retirada pelos gestores municipais em todas as regi\u00f5es do Estado.<\/p>\n<p style=\"text-align: justify;\">Desde o in\u00edcio da campanha de vacina\u00e7\u00e3o contra a Covid-19, Pernambuco j\u00e1 recebeu 5.876.400 doses de imunizantes. Foram 2.867.420 da Astrazeneca\/Oxford\/Fiocruz, 2.184.160 unidades da Coronavac\/Butantan, 656.370 doses da Pfizer\/BioNTech e 168.450 da Janssen.<\/p>\n<p style=\"text-align: justify;\"><strong>Foto<\/strong>: H\u00e9lia Scheppa\/SEI<\/p>\n","protected":false},"excerpt":{"rendered":"<p>Uma nova remessa com 42.200 doses da vacina contra a Covid-19 da Coronavac\/Butantan foi entregue no Aeroporto Internacional do Recife\/Guararapes&hellip;<\/p>\n","protected":false},"author":1,"featured_media":71902,"comment_status":"open","ping_status":"open","sticky":false,"template":"","format":"standard","meta":{"footnotes":""},"categories":[14120],"tags":[2,19532,22142,17559,1950],"class_list":["post-71900","post","type-post","status-publish","format-standard","has-post-thumbnail","hentry","category-noticias","tag-blog-do-edvaldo-magalhaes","tag-blog-mais-acessado-e-visualizado-de-caruaru-e-regiao","tag-coronavac-pernambuco-recebe-lote-com-mais-de-42-mil-doses","tag-covid-19","tag-noticias-de-caruaru"],"_links":{"self":[{"href":"https:\/\/blogdoedvaldomagalhaes.com.br\/index.php\/wp-json\/wp\/v2\/posts\/71900","targetHints":{"allow":["GET"]}}],"collection":[{"href":"https:\/\/blogdoedvaldomagalhaes.com.br\/index.php\/wp-json\/wp\/v2\/posts"}],"about":[{"href":"https:\/\/blogdoedvaldomagalhaes.com.br\/index.php\/wp-json\/wp\/v2\/types\/post"}],"author":[{"embeddable":true,"href":"https:\/\/blogdoedvaldomagalhaes.com.br\/index.php\/wp-json\/wp\/v2\/users\/1"}],"replies":[{"embeddable":true,"href":"https:\/\/blogdoedvaldomagalhaes.com.br\/index.php\/wp-json\/wp\/v2\/comments?post=71900"}],"version-history":[{"count":3,"href":"https:\/\/blogdoedvaldomagalhaes.com.br\/index.php\/wp-json\/wp\/v2\/posts\/71900\/revisions"}],"predecessor-version":[{"id":71905,"href":"https:\/\/blogdoedvaldomagalhaes.com.br\/index.php\/wp-json\/wp\/v2\/posts\/71900\/revisions\/71905"}],"wp:featuredmedia":[{"embeddable":true,"href":"https:\/\/blogdoedvaldomagalhaes.com.br\/index.php\/wp-json\/wp\/v2\/media\/71902"}],"wp:attachment":[{"href":"https:\/\/blogdoedvaldomagalhaes.com.br\/index.php\/wp-json\/wp\/v2\/media?parent=71900"}],"wp:term":[{"taxonomy":"category","embeddable":true,"href":"https:\/\/blogdoedvaldomagalhaes.com.br\/index.php\/wp-json\/wp\/v2\/categories?post=71900"},{"taxonomy":"post_tag","embeddable":true,"href":"https:\/\/blogdoedvaldomagalhaes.com.br\/index.php\/wp-json\/wp\/v2\/tags?post=71900"}],"curies":[{"name":"wp","href":"https:\/\/api.w.org\/{rel}","templated":true}]}}