{"id":71897,"date":"2021-07-09T14:27:52","date_gmt":"2021-07-09T17:27:52","guid":{"rendered":"https:\/\/blogdoedvaldomagalhaes.com.br\/?p=71897"},"modified":"2021-07-09T14:27:54","modified_gmt":"2021-07-09T17:27:54","slug":"prefeitura-de-caruaru-oferta-40-vagas-de-emprego-confira","status":"publish","type":"post","link":"https:\/\/blogdoedvaldomagalhaes.com.br\/index.php\/2021\/07\/09\/prefeitura-de-caruaru-oferta-40-vagas-de-emprego-confira\/","title":{"rendered":"Prefeitura de Caruaru oferta 40 vagas de emprego; Confira"},"content":{"rendered":"<p style=\"text-align: justify;\"><span style=\"font-size: inherit;\">A prefeitura de Caruaru, por meio da Secretaria de Administra\u00e7\u00e3o (SAD), divulga os processos seletivos que foram abertos esta semana com o objetivo de preencher postos de trabalho tempor\u00e1rios oferecidos em quatro pastas municipais. Ao todo, 40 vagas se encontram dispon\u00edveis distribu\u00eddas nas secretarias de Educa\u00e7\u00e3o (Seduc), Fazenda (Sefaz), Procuradoria Geral do Munic\u00edpio (PGM) e Ordem P\u00fablica (Secop).<\/span><\/p>\n<p style=\"text-align: justify;\">A Seduc abriu 16 vagas, sendo tr\u00eas para portadores de defici\u00eancia. As fun\u00e7\u00f5es desejadas s\u00e3o para professor de Braile, int\u00e9rprete de Libras e instrutor de Libras. Os sal\u00e1rios correspondem, respectivamente, a R$ 7,47 hora\/aula e a R$ 1.500 (int\u00e9rprete e instrutor de Libras).<\/p>\n<p style=\"text-align: justify;\">Na Sefaz e na PGM, h\u00e1 uma vaga em aberto para contador com o sal\u00e1rio de R$ 2 mil j\u00e1 na Secop s\u00e3o 22 postos para preenchimento, sendo duas para portadores de defici\u00eancia. Os cargos dispon\u00edveis s\u00e3o para supervisor de opera\u00e7\u00f5es, com cinco vagas, e para fiscal municipal, com 17.<\/p>\n<p style=\"text-align: justify;\">Os interessados podem fazer as inscri\u00e7\u00f5es acessando o portal: https:\/\/www.selecoes.caruaru.pe.gov.br. De acordo com os editais das sele\u00e7\u00f5es, cada candidato s\u00f3 pode concorrer a apenas uma vaga. J\u00e1 os resultados preliminares dos processos ser\u00e3o divulgados no mesmo site e no Di\u00e1rio Oficial do munic\u00edpio.<\/p>\n<p style=\"text-align: justify;\">Em caso de d\u00favidas, os candidatos podem enviar e-mail para o endere\u00e7o: selecoespmc@gmail.com ou entrar em contato pelo telefone: (081) 3721-8507 (Ramal 212), hor\u00e1rio de atendimento das 8h \u00e0s 13h.<\/p>\n","protected":false},"excerpt":{"rendered":"<p>A prefeitura de Caruaru, por meio da Secretaria de Administra\u00e7\u00e3o (SAD), divulga os processos seletivos que foram abertos esta semana&hellip;<\/p>\n","protected":false},"author":1,"featured_media":71898,"comment_status":"open","ping_status":"open","sticky":false,"template":"","format":"standard","meta":{"footnotes":""},"categories":[14120],"tags":[2,19532,1950,22141],"class_list":["post-71897","post","type-post","status-publish","format-standard","has-post-thumbnail","hentry","category-noticias","tag-blog-do-edvaldo-magalhaes","tag-blog-mais-acessado-e-visualizado-de-caruaru-e-regiao","tag-noticias-de-caruaru","tag-prefeitura-de-caruaru-oferta-40-vagas-de-emprego-confira"],"_links":{"self":[{"href":"https:\/\/blogdoedvaldomagalhaes.com.br\/index.php\/wp-json\/wp\/v2\/posts\/71897","targetHints":{"allow":["GET"]}}],"collection":[{"href":"https:\/\/blogdoedvaldomagalhaes.com.br\/index.php\/wp-json\/wp\/v2\/posts"}],"about":[{"href":"https:\/\/blogdoedvaldomagalhaes.com.br\/index.php\/wp-json\/wp\/v2\/types\/post"}],"author":[{"embeddable":true,"href":"https:\/\/blogdoedvaldomagalhaes.com.br\/index.php\/wp-json\/wp\/v2\/users\/1"}],"replies":[{"embeddable":true,"href":"https:\/\/blogdoedvaldomagalhaes.com.br\/index.php\/wp-json\/wp\/v2\/comments?post=71897"}],"version-history":[{"count":1,"href":"https:\/\/blogdoedvaldomagalhaes.com.br\/index.php\/wp-json\/wp\/v2\/posts\/71897\/revisions"}],"predecessor-version":[{"id":71899,"href":"https:\/\/blogdoedvaldomagalhaes.com.br\/index.php\/wp-json\/wp\/v2\/posts\/71897\/revisions\/71899"}],"wp:featuredmedia":[{"embeddable":true,"href":"https:\/\/blogdoedvaldomagalhaes.com.br\/index.php\/wp-json\/wp\/v2\/media\/71898"}],"wp:attachment":[{"href":"https:\/\/blogdoedvaldomagalhaes.com.br\/index.php\/wp-json\/wp\/v2\/media?parent=71897"}],"wp:term":[{"taxonomy":"category","embeddable":true,"href":"https:\/\/blogdoedvaldomagalhaes.com.br\/index.php\/wp-json\/wp\/v2\/categories?post=71897"},{"taxonomy":"post_tag","embeddable":true,"href":"https:\/\/blogdoedvaldomagalhaes.com.br\/index.php\/wp-json\/wp\/v2\/tags?post=71897"}],"curies":[{"name":"wp","href":"https:\/\/api.w.org\/{rel}","templated":true}]}}