{"id":71892,"date":"2021-07-09T11:45:03","date_gmt":"2021-07-09T14:45:03","guid":{"rendered":"https:\/\/blogdoedvaldomagalhaes.com.br\/?p=71892"},"modified":"2021-07-09T11:53:24","modified_gmt":"2021-07-09T14:53:24","slug":"ex-presidiario-troca-tiros-com-a-pm-apos-assaltar-a-mesma-vitima-duas-vezes-e-morre-no-hra","status":"publish","type":"post","link":"https:\/\/blogdoedvaldomagalhaes.com.br\/index.php\/2021\/07\/09\/ex-presidiario-troca-tiros-com-a-pm-apos-assaltar-a-mesma-vitima-duas-vezes-e-morre-no-hra\/","title":{"rendered":"Ex-presidi\u00e1rio troca tiros com a PM, ap\u00f3s assaltar a mesma v\u00edtima duas vezes, e morre no HRA"},"content":{"rendered":"<p style=\"text-align: justify;\">Morreu no Hospital Regional do Agreste (HRA), em Caruaru, na manh\u00e3 desta sexta-feira (09), o assaltante Bethoveen Alves da Silva, 25 anos. Ele trocou tiros com a pol\u00edcia ap\u00f3s assaltar um homem pela segunda vez no bairro S\u00e3o Jo\u00e3o da Esc\u00f3cia.<\/p>\n<p style=\"text-align: justify;\">O pedreiro Jo\u00e3o Ferreira da Silva Neto, 40 anos, teve a moto tomada de assalto na quinta-feira (08) e na manh\u00e3 desta sexta foi novamente abordado pelo assaltante. Como n\u00e3o tinha mais nada para oferecer, foi baleado.<\/p>\n<p style=\"text-align: justify;\">A v\u00edtima foi socorrida pelo SAMU e permanece internada no HRA. O corpo do assaltante foi encaminhado para o Instituto de Medicina Legal (IML).<\/p>\n\n\n<figure class=\"wp-block-image size-large\"><img loading=\"lazy\" decoding=\"async\" width=\"1024\" height=\"1024\" src=\"https:\/\/blogdoedvaldomagalhaes.com.br\/wp-content\/uploads\/2021\/07\/1_20210709_115128_0000-1024x1024.png\" alt=\"\" class=\"wp-image-71895\" srcset=\"https:\/\/blogdoedvaldomagalhaes.com.br\/wp-content\/uploads\/2021\/07\/1_20210709_115128_0000-1024x1024.png 1024w, https:\/\/blogdoedvaldomagalhaes.com.br\/wp-content\/uploads\/2021\/07\/1_20210709_115128_0000-300x300.png 300w, https:\/\/blogdoedvaldomagalhaes.com.br\/wp-content\/uploads\/2021\/07\/1_20210709_115128_0000-150x150.png 150w, https:\/\/blogdoedvaldomagalhaes.com.br\/wp-content\/uploads\/2021\/07\/1_20210709_115128_0000-768x768.png 768w, https:\/\/blogdoedvaldomagalhaes.com.br\/wp-content\/uploads\/2021\/07\/1_20210709_115128_0000.png 1080w\" sizes=\"auto, (max-width: 1024px) 100vw, 1024px\" \/><\/figure>\n","protected":false},"excerpt":{"rendered":"<p>Morreu no Hospital Regional do Agreste (HRA), em Caruaru, na manh\u00e3 desta sexta-feira (09), o assaltante Bethoveen Alves da Silva,&hellip;<\/p>\n","protected":false},"author":1,"featured_media":71893,"comment_status":"open","ping_status":"open","sticky":false,"template":"","format":"standard","meta":{"footnotes":""},"categories":[14121],"tags":[2,19532,22137,5448,1950],"class_list":["post-71892","post","type-post","status-publish","format-standard","has-post-thumbnail","hentry","category-policial","tag-blog-do-edvaldo-magalhaes","tag-blog-mais-acessado-e-visualizado-de-caruaru-e-regiao","tag-ex-presidiario-troca-tiros-com-a-policia-apos-assalto-e-morre-no-hra","tag-homicidio","tag-noticias-de-caruaru"],"_links":{"self":[{"href":"https:\/\/blogdoedvaldomagalhaes.com.br\/index.php\/wp-json\/wp\/v2\/posts\/71892","targetHints":{"allow":["GET"]}}],"collection":[{"href":"https:\/\/blogdoedvaldomagalhaes.com.br\/index.php\/wp-json\/wp\/v2\/posts"}],"about":[{"href":"https:\/\/blogdoedvaldomagalhaes.com.br\/index.php\/wp-json\/wp\/v2\/types\/post"}],"author":[{"embeddable":true,"href":"https:\/\/blogdoedvaldomagalhaes.com.br\/index.php\/wp-json\/wp\/v2\/users\/1"}],"replies":[{"embeddable":true,"href":"https:\/\/blogdoedvaldomagalhaes.com.br\/index.php\/wp-json\/wp\/v2\/comments?post=71892"}],"version-history":[{"count":2,"href":"https:\/\/blogdoedvaldomagalhaes.com.br\/index.php\/wp-json\/wp\/v2\/posts\/71892\/revisions"}],"predecessor-version":[{"id":71896,"href":"https:\/\/blogdoedvaldomagalhaes.com.br\/index.php\/wp-json\/wp\/v2\/posts\/71892\/revisions\/71896"}],"wp:featuredmedia":[{"embeddable":true,"href":"https:\/\/blogdoedvaldomagalhaes.com.br\/index.php\/wp-json\/wp\/v2\/media\/71893"}],"wp:attachment":[{"href":"https:\/\/blogdoedvaldomagalhaes.com.br\/index.php\/wp-json\/wp\/v2\/media?parent=71892"}],"wp:term":[{"taxonomy":"category","embeddable":true,"href":"https:\/\/blogdoedvaldomagalhaes.com.br\/index.php\/wp-json\/wp\/v2\/categories?post=71892"},{"taxonomy":"post_tag","embeddable":true,"href":"https:\/\/blogdoedvaldomagalhaes.com.br\/index.php\/wp-json\/wp\/v2\/tags?post=71892"}],"curies":[{"name":"wp","href":"https:\/\/api.w.org\/{rel}","templated":true}]}}