{"id":71885,"date":"2021-07-08T20:02:53","date_gmt":"2021-07-08T23:02:53","guid":{"rendered":"https:\/\/blogdoedvaldomagalhaes.com.br\/?p=71885"},"modified":"2021-07-08T20:02:56","modified_gmt":"2021-07-08T23:02:56","slug":"mais-83-070-doses-da-pfizer-serao-distribuidas-em-pernambuco-nesta-sexta-feira-9","status":"publish","type":"post","link":"https:\/\/blogdoedvaldomagalhaes.com.br\/index.php\/2021\/07\/08\/mais-83-070-doses-da-pfizer-serao-distribuidas-em-pernambuco-nesta-sexta-feira-9\/","title":{"rendered":"Mais 83.070 doses da Pfizer ser\u00e3o distribu\u00eddas em Pernambuco nesta sexta-feira (9)"},"content":{"rendered":"<p style=\"text-align: justify;\"><span lang=\"PT\">Mais primeiras doses da vacina contra a Covid-19 chegaram a Pernambuco no final da tarde desta quinta-feira (08\/07) para que os munic\u00edpios continuem avan\u00e7ando na prote\u00e7\u00e3o da popula\u00e7\u00e3o. Nessa remessa, chegaram 83.070 doses da Pfizer, armazenadas em 12 caixas t\u00e9rmicas que, ap\u00f3s aterrissarem no Aeroporto Internacional do Recife\/Guararapes \u2013 Gilberto Freyre, foram levadas para checagem e armazenamento no Programa Estadual de Imuniza\u00e7\u00e3o (PNI-PE).<\/span><\/p>\n<p style=\"text-align: justify;\"><span lang=\"PT\">Os insumos ser\u00e3o encaminhados para as 12 Ger\u00eancias Regionais de Sa\u00fade (Geres) na manh\u00e3 de sexta (09\/07), ficando \u00e0 disposi\u00e7\u00e3o para a retirada pelos gestores municipais. O objetivo \u00e9 continuar avan\u00e7ando na imuniza\u00e7\u00e3o de acordo com a realidade e din\u00e2mica de cada munic\u00edpio.\u00a0\u00a0<\/span><\/p>\n<p style=\"text-align: justify;\"><span lang=\"PT\">&#8220;Essa remessa ser\u00e1 encaminhada exclusivamente para a primeira dose, iniciando o esquema vacinal em mais pernambucanos. Logo ap\u00f3s o recebimento, iniciamos a separa\u00e7\u00e3o dos quantitativos por munic\u00edpio e, no in\u00edcio da manh\u00e3 de sexta, ativaremos nossa opera\u00e7\u00e3o log\u00edstica para que os gestores municipais recebam, o quanto antes, suas remessas, podendo planejar e iniciar as a\u00e7\u00f5es. Refor\u00e7amos a import\u00e2ncia de agilizar a vacina\u00e7\u00e3o para que possamos ter mais pessoas protegidas e conseguir evitar casos graves e \u00f3bitos pela Covid-19&#8221;, afirma a superintendente de Imuniza\u00e7\u00e3o da SES-PE, Ana Catarina de Melo.<\/span><\/p>\n<p style=\"text-align: justify;\"><span lang=\"PT\">Desde o in\u00edcio da campanha de vacina\u00e7\u00e3o contra a Covid-19, Pernambuco j\u00e1 recebeu 5.834.200 doses de imunizantes. Foram 2.867.420 da Astrazeneca\/Oxford\/Fiocruz, 2.141.960 unidades da Coronavac\/Butantan, 656.370 doses da Pfizer\/BioNTech e 168.450 da Janssen.<\/span><\/p>\n<p style=\"text-align: justify;\"><span lang=\"PT\">A\u00a0Secretaria\u00a0Estadual\u00a0de\u00a0Sa\u00fade\u00a0(SES-PE)\u00a0registrou,\u00a0nesta quinta-feira (08\/07),\u00a01.525 casos da Covid-19. Entre os confirmados hoje, 87 (6%) s\u00e3o casos de S\u00edndrome Respirat\u00f3ria Aguda Grave (SRAG) e\u00a01.438 (94%) s\u00e3o leves. Agora, Pernambuco totaliza\u00a0564.789 casos confirmados da doen\u00e7a,\u00a0sendo\u00a050.314 graves e 514.475 leves,\u00a0que\u00a0est\u00e3o\u00a0distribu\u00eddos\u00a0por\u00a0todos\u00a0os\u00a0184\u00a0munic\u00edpios\u00a0pernambucanos,\u00a0al\u00e9m\u00a0do\u00a0arquip\u00e9lago\u00a0de\u00a0Fernando\u00a0de\u00a0Noronha.<\/span><\/p>\n<p style=\"text-align: justify;\"><span lang=\"PT\">Al\u00e9m disso, o boletim registra um total de 483.721 pacientes recuperados da doen\u00e7a. Destes,\u00a028.984 eram pacientes graves, que necessitaram de internamento hospitalar, e\u00a0454.737 eram\u00a0casos\u00a0leves.<\/span><\/p>\n<p style=\"text-align: justify;\"><span lang=\"PT\">Tamb\u00e9m foram confirmados laboratorialmente 44 novos \u00f3bitos (21 masculinos e 23 femininos),\u00a0ocorridos entre os dias 04\/03\/2021 e 07\/07\/2021.\u00a0As novas mortes s\u00e3o de pessoas residentes\u00a0dos\u00a0munic\u00edpios\u00a0de Arcoverde (2), Bodoc\u00f3 (1), Cabo de Santo Agostinho (2), Capoeiras (1), Carpina (1), Caruaru (1), Floresta (1), Igarassu (1), Jaboat\u00e3o dos Guararapes (3),\u00a0Lagoa do Itaenga (1), Limoeiro (1),\u00a0Olinda (1),\u00a0Ouricuri (2), Palmares (2),\u00a0Paudalho (1), Pedra (1), Recife (13),\u00a0Salo\u00e1 (1), Santa Maria da Boa Vista (1),\u00a0S\u00e3o Jo\u00e3o (1),\u00a0S\u00e3o Louren\u00e7o da Mata (2),\u00a0Serra Talhada (3)\u00a0e Venturosa (1).\u00a0Com\u00a0isso,\u00a0o\u00a0Estado\u00a0totaliza\u00a018.023 mortes\u00a0pela\u00a0doen\u00e7a.<\/span><\/p>\n<p style=\"text-align: justify;\"><span lang=\"PT\">Os\u00a0pacientes\u00a0tinham\u00a0idades\u00a0entre\u00a034 e\u00a096 anos. As\u00a0faixas\u00a0et\u00e1rias\u00a0s\u00e3o: 30\u00a0a\u00a039\u00a0(1),\u00a040 a\u00a049\u00a0(7),\u00a050\u00a0a\u00a059\u00a0(10),\u00a060\u00a0a\u00a069\u00a0(8),\u00a070\u00a0a\u00a079\u00a0(9),\u00a080\u00a0ou\u00a0mais\u00a0(9).\u00a0Do\u00a0total,\u00a032\u00a0tinham\u00a0doen\u00e7as preexistentes:\u00a0doen\u00e7a\u00a0cardiovascular (19), diabetes (9),\u00a0hipertens\u00e3o (9),\u00a0obesidade (4),\u00a0tabagismo\/hist\u00f3rico de tabagismo (4),\u00a0c\u00e2ncer (2), doen\u00e7a respirat\u00f3ria (2), imunossupress\u00e3o (1), AVE (1) e AVCI (1)\u00a0&#8211; um paciente pode ter mais de uma comorbidade. Os demais seguem em\u00a0investiga\u00e7\u00e3o.<\/span><\/p>\n<p style=\"text-align: justify;\"><span lang=\"PT\">Pernambuco j\u00e1 aplicou 4.584.270 doses de vacinas contra a Covid-19 na sua popula\u00e7\u00e3o, desde o in\u00edcio da campanha de imuniza\u00e7\u00e3o no Estado. Desse total, 1.217.536 pernambucanos completaram seus esquemas vacinais, sendo 1.109.573 pessoas que foram vacinadas com imunizantes aplicados em duas doses e outros 107.963 pernambucanos que foram contemplados com vacina aplicada em dose \u00fanica.<\/span><\/p>\n<p style=\"text-align: justify;\"><span lang=\"PT\">Em rela\u00e7\u00e3o \u00e0s primeiras doses, foram 3.366.734 aplica\u00e7\u00f5es. Ao todo, foram feitas a primeira dose em 306.937 trabalhadores de sa\u00fade; 26.073 povos ind\u00edgenas aldeados; 43.367 em comunidades quilombolas; 7.700 idosos em Institui\u00e7\u00f5es de Longa Perman\u00eancia; 672.218 idosos de 60 a 69 anos; 602.957 idosos de 70 e mais; 1.554 pessoas com defici\u00eancia institucionalizadas; 397.350 pessoas com comorbidades; 31.246 pessoas com defici\u00eancia permanente; 58.688 gestantes e pu\u00e9rperas; 325.216 trabalhadores de servi\u00e7os essenciais; 1.078 pessoas em situa\u00e7\u00e3o de rua; 23.996 pessoas privadas de liberdade, al\u00e9m de 868.354 pessoas de 18 a 59 anos.<\/span><\/p>\n<p style=\"text-align: justify;\"><span lang=\"PT\">Em rela\u00e7\u00e3o \u00e0s segundas doses, j\u00e1 foram beneficiados 223.080 trabalhadores de sa\u00fade; 25.804 povos ind\u00edgenas aldeados; 23.656 em comunidades quilombolas; 5.785 idosos institucionalizados; 320.269 idosos de 60 a 69 anos; 500.957 idosos de 70 anos e mais; 1.181 pessoas com defici\u00eancia institucionalizadas; 3.253 pessoas com comorbidades; 5.588 trabalhadores de servi\u00e7os essenciais; totalizando 1.109.573 pernambucanos.<\/span><\/p>\n<p style=\"text-align: justify;\"><span lang=\"PT\">Em rela\u00e7\u00e3o \u00e0 dose \u00fanica, foram beneficiadas 1.488 idosos de 60 a 69 anos; 3.553 idosos de 70 anos e mais; 868 pessoas com comorbidades; 136 pessoas com defici\u00eancia permanente; 8.864 trabalhadores de servi\u00e7os essenciais; 229 pessoas em situa\u00e7\u00e3o de rua, al\u00e9m de 92.825 pessoas de 18 a 59 anos.<\/span><\/p>\n","protected":false},"excerpt":{"rendered":"<p>Mais primeiras doses da vacina contra a Covid-19 chegaram a Pernambuco no final da tarde desta quinta-feira (08\/07) para que&hellip;<\/p>\n","protected":false},"author":1,"featured_media":71886,"comment_status":"open","ping_status":"open","sticky":false,"template":"","format":"standard","meta":{"footnotes":""},"categories":[14120],"tags":[2,19532,22136,1950,19670],"class_list":["post-71885","post","type-post","status-publish","format-standard","has-post-thumbnail","hentry","category-noticias","tag-blog-do-edvaldo-magalhaes","tag-blog-mais-acessado-e-visualizado-de-caruaru-e-regiao","tag-mais-83-070-doses-da-pfizer-serao-distribuidas-em-pernambuco-nesta-sexta-feira-9","tag-noticias-de-caruaru","tag-novo-coronavirus"],"_links":{"self":[{"href":"https:\/\/blogdoedvaldomagalhaes.com.br\/index.php\/wp-json\/wp\/v2\/posts\/71885","targetHints":{"allow":["GET"]}}],"collection":[{"href":"https:\/\/blogdoedvaldomagalhaes.com.br\/index.php\/wp-json\/wp\/v2\/posts"}],"about":[{"href":"https:\/\/blogdoedvaldomagalhaes.com.br\/index.php\/wp-json\/wp\/v2\/types\/post"}],"author":[{"embeddable":true,"href":"https:\/\/blogdoedvaldomagalhaes.com.br\/index.php\/wp-json\/wp\/v2\/users\/1"}],"replies":[{"embeddable":true,"href":"https:\/\/blogdoedvaldomagalhaes.com.br\/index.php\/wp-json\/wp\/v2\/comments?post=71885"}],"version-history":[{"count":1,"href":"https:\/\/blogdoedvaldomagalhaes.com.br\/index.php\/wp-json\/wp\/v2\/posts\/71885\/revisions"}],"predecessor-version":[{"id":71887,"href":"https:\/\/blogdoedvaldomagalhaes.com.br\/index.php\/wp-json\/wp\/v2\/posts\/71885\/revisions\/71887"}],"wp:featuredmedia":[{"embeddable":true,"href":"https:\/\/blogdoedvaldomagalhaes.com.br\/index.php\/wp-json\/wp\/v2\/media\/71886"}],"wp:attachment":[{"href":"https:\/\/blogdoedvaldomagalhaes.com.br\/index.php\/wp-json\/wp\/v2\/media?parent=71885"}],"wp:term":[{"taxonomy":"category","embeddable":true,"href":"https:\/\/blogdoedvaldomagalhaes.com.br\/index.php\/wp-json\/wp\/v2\/categories?post=71885"},{"taxonomy":"post_tag","embeddable":true,"href":"https:\/\/blogdoedvaldomagalhaes.com.br\/index.php\/wp-json\/wp\/v2\/tags?post=71885"}],"curies":[{"name":"wp","href":"https:\/\/api.w.org\/{rel}","templated":true}]}}