{"id":71881,"date":"2021-07-08T19:45:32","date_gmt":"2021-07-08T22:45:32","guid":{"rendered":"https:\/\/blogdoedvaldomagalhaes.com.br\/?p=71881"},"modified":"2021-07-08T19:47:15","modified_gmt":"2021-07-08T22:47:15","slug":"hospital-de-referencia-a-covid-19-em-pernambuco-supera-marca-de-5-mil-altas","status":"publish","type":"post","link":"https:\/\/blogdoedvaldomagalhaes.com.br\/index.php\/2021\/07\/08\/hospital-de-referencia-a-covid-19-em-pernambuco-supera-marca-de-5-mil-altas\/","title":{"rendered":"Hospital de Refer\u00eancia \u00e0 Covid-19 em Pernambuco, supera marca de 5 mil altas"},"content":{"rendered":"<p style=\"text-align: justify;\">Com 1 ano e 2 meses de funcionamento, o Hospital de Refer\u00eancia \u00e0 Covid-19 &#8211; Unidade Boa Viagem (Antigo Alfa) chegou, nesta quinta-feira (08\/07), ao n\u00famero de 5 mil pacientes recuperados. A marca foi alcan\u00e7ada com a alta de Dona Zilda Pinto da Silva, de 56 anos, que chegou \u00e0 unidade no dia 1\u00ba deste m\u00eas e, ap\u00f3s oito dias internadas, conseguiu voltar para casa e rever a fam\u00edlia.<\/p>\n<p>Nascida e criada no bairro de Santo Amaro, no Recife, Dona Zilda, que \u00e9 dona de casa, se emocionou e comemorou a recupera\u00e7\u00e3o. \u201cEu me sinto uma vitoriosa por ter me curado dessa doen\u00e7a. O sentimento \u00e9 de al\u00edvio e gratid\u00e3o aos profissionais de sa\u00fade que cuidaram de mim\u201d, destacou. A primeira provid\u00eancia p\u00f3s-alta j\u00e1 estava definida: reencontrar logo os quatro filhos e os dez netos.<\/p>\n<p>Renan Valois, enfermeiro que integra a equipe do Hospital Alfa desde a abertura, celebrou o n\u00famero de altas m\u00e9dicas alcan\u00e7ado. \u201c\u00c9 uma vit\u00f3ria chegar a 5 mil pessoas curadas. Para n\u00f3s, que estamos na linha de frente, \u00e9 emocionante saber que nosso trabalho, o empenho da nossa equipe, fez diferen\u00e7a na vida de tantas pessoas\u201d, comentou.<\/p>\n<p>Para a diretora m\u00e9dica do Hospital, Dra. Maruza Freitas, chegar a este n\u00famero de vidas salvas \u00e9 um marco na, ainda recente, hist\u00f3ria do Hospital. \u201cCada paciente recuperado simboliza o trabalho de uma equipe enorme e absolutamente dedicada a salvar vidas. Cada um desses pacientes que, ap\u00f3s passarem pelo Alfa, retornaram \u00e0s suas fam\u00edlias, nos enche de gratid\u00e3o e renova nossa certeza de que o trabalho feito com compromisso e amor colhe os melhores resultados poss\u00edveis\u201d, afirma.<\/p>\n<p><b>REFER\u00caNCIA<\/b>&nbsp;&#8211; O Hospital de Refer\u00eancia em Boa Viagem funciona, hoje, com 100% de sua capacidade, tendo 300 leitos ativos \u2013 sendo 160 de enfermaria e 140 de UTI. O equipamento foi requisitado administrativamente pelo Governo de Pernambuco em mar\u00e7o de 2020 e, em tempo recorde, a estrutura, que estava sem energia el\u00e9trica, \u00e1gua encanada nem rede de gases, passou por ampla reestrutura\u00e7\u00e3o e abriu as portas em abril, atuando de forma dedicada \u00e0 aten\u00e7\u00e3o aos pacientes com a Covid-19. Atualmente, a unidade \u00e9 a maior em n\u00famero de leitos exclusivos para os casos do novo coronav\u00edrus, e tem papel fundamental no enfrentamento \u00e0 pandemia em Pernambuco.<\/p>\n","protected":false},"excerpt":{"rendered":"<p>Com 1 ano e 2 meses de funcionamento, o Hospital de Refer\u00eancia \u00e0 Covid-19 &#8211; Unidade Boa Viagem (Antigo Alfa)&hellip;<\/p>\n","protected":false},"author":1,"featured_media":71882,"comment_status":"open","ping_status":"open","sticky":false,"template":"","format":"standard","meta":{"footnotes":""},"categories":[14120],"tags":[2,19532,22135,1950,19670],"class_list":["post-71881","post","type-post","status-publish","format-standard","has-post-thumbnail","hentry","category-noticias","tag-blog-do-edvaldo-magalhaes","tag-blog-mais-acessado-e-visualizado-de-caruaru-e-regiao","tag-hospital-de-referencia-a-covid-19-em-pernambuco-supera-marca-de-5-mil-altas","tag-noticias-de-caruaru","tag-novo-coronavirus"],"_links":{"self":[{"href":"https:\/\/blogdoedvaldomagalhaes.com.br\/index.php\/wp-json\/wp\/v2\/posts\/71881","targetHints":{"allow":["GET"]}}],"collection":[{"href":"https:\/\/blogdoedvaldomagalhaes.com.br\/index.php\/wp-json\/wp\/v2\/posts"}],"about":[{"href":"https:\/\/blogdoedvaldomagalhaes.com.br\/index.php\/wp-json\/wp\/v2\/types\/post"}],"author":[{"embeddable":true,"href":"https:\/\/blogdoedvaldomagalhaes.com.br\/index.php\/wp-json\/wp\/v2\/users\/1"}],"replies":[{"embeddable":true,"href":"https:\/\/blogdoedvaldomagalhaes.com.br\/index.php\/wp-json\/wp\/v2\/comments?post=71881"}],"version-history":[{"count":2,"href":"https:\/\/blogdoedvaldomagalhaes.com.br\/index.php\/wp-json\/wp\/v2\/posts\/71881\/revisions"}],"predecessor-version":[{"id":71884,"href":"https:\/\/blogdoedvaldomagalhaes.com.br\/index.php\/wp-json\/wp\/v2\/posts\/71881\/revisions\/71884"}],"wp:featuredmedia":[{"embeddable":true,"href":"https:\/\/blogdoedvaldomagalhaes.com.br\/index.php\/wp-json\/wp\/v2\/media\/71882"}],"wp:attachment":[{"href":"https:\/\/blogdoedvaldomagalhaes.com.br\/index.php\/wp-json\/wp\/v2\/media?parent=71881"}],"wp:term":[{"taxonomy":"category","embeddable":true,"href":"https:\/\/blogdoedvaldomagalhaes.com.br\/index.php\/wp-json\/wp\/v2\/categories?post=71881"},{"taxonomy":"post_tag","embeddable":true,"href":"https:\/\/blogdoedvaldomagalhaes.com.br\/index.php\/wp-json\/wp\/v2\/tags?post=71881"}],"curies":[{"name":"wp","href":"https:\/\/api.w.org\/{rel}","templated":true}]}}