{"id":71878,"date":"2021-07-08T19:14:48","date_gmt":"2021-07-08T22:14:48","guid":{"rendered":"https:\/\/blogdoedvaldomagalhaes.com.br\/?p=71878"},"modified":"2021-07-08T19:14:51","modified_gmt":"2021-07-08T22:14:51","slug":"erick-lessa-se-reune-com-presidente-do-conselho-regional-de-enfermagem-pe-para-debater-piso-salarial","status":"publish","type":"post","link":"https:\/\/blogdoedvaldomagalhaes.com.br\/index.php\/2021\/07\/08\/erick-lessa-se-reune-com-presidente-do-conselho-regional-de-enfermagem-pe-para-debater-piso-salarial\/","title":{"rendered":"Erick Lessa se re\u00fane com presidente do Conselho Regional de Enfermagem-PE para debater piso salarial"},"content":{"rendered":"<p style=\"text-align: justify;\"><span style=\"font-size: inherit;\">O deputado estadual Erick Lessa recebeu o presidente do Conselho Regional de Enfermagem de Pernambuco (Coren-PE), Gilmar J\u00fanior, em seu gabinete em Caruaru, na tarde desta quinta-feira (08). Integrantes do Conselho participaram de forma virtual da reuni\u00e3o. O motivo da reuni\u00e3o foi para redigir uma indica\u00e7\u00e3o e um projeto de lei visando a estabelecer o Piso Salarial Estadual para os profissionais de Enfermagem. A proposta, que \u00e9 uma luta cl\u00e1ssica da categoria, vem sendo discutida em \u00e2mbito nacional.<\/span><\/p>\n<p style=\"text-align: justify;\">A partir do encontro, busca-se uma articula\u00e7\u00e3o para construir uma agenda estadual de pol\u00edticas p\u00fablicas de valoriza\u00e7\u00e3o da categoria. A mat\u00e9ria tem como alvo uma valoriza\u00e7\u00e3o da classe contemplando o equil\u00edbrio entre a carga hor\u00e1ria e os sal\u00e1rios, garantindo mais recursos para enfermeiros, t\u00e9cnicos de enfermagem, auxiliares de enfermagem e parteiras.<\/p>\n<p style=\"text-align: justify;\">Para o presidente do Coren-PE, a reuni\u00e3o foi hist\u00f3rica para a classe. \u201cFico empolgado porque sei que este \u00e9 um primeiro momento de outras iniciativas que vir\u00e3o para valorizar esses profissionais com pisos salariais dignos e carga hor\u00e1ria adequada\u201d, ressaltou.<\/p>\n<p style=\"text-align: justify;\">De acordo com o parlamentar, ser\u00e1 realizado um movimento de articula\u00e7\u00e3o na Assembleia Legislativa de Pernambuco (Alepe) com o intuito de inserir o assunto em pauta. \u201cOs enfermeiros s\u00e3o verdadeiros her\u00f3is, que, para al\u00e9m dos aplausos, merecem efetiva valoriza\u00e7\u00e3o\u201d, disse.<\/p>\n<p style=\"text-align: justify;\">O deputado rememorou que mant\u00e9m um di\u00e1logo hist\u00f3rico com a categoria. Em 2018, ainda candidato, Lessa assinou uma carta de compromisso com representantes de profissionais de Enfermagem, acerca do tema. Quando candidato a prefeito nas \u00faltimas elei\u00e7\u00f5es, o seu plano de governo previa a regulamenta\u00e7\u00e3o da carga hor\u00e1ria dos profissionais da enfermagem do munic\u00edpio de Caruaru em no m\u00e1ximo 30h (trinta horas) semanais.<\/p>\n<p style=\"text-align: justify;\">Foto: Viliane Gomes<\/p>\n","protected":false},"excerpt":{"rendered":"<p>O deputado estadual Erick Lessa recebeu o presidente do Conselho Regional de Enfermagem de Pernambuco (Coren-PE), Gilmar J\u00fanior, em seu&hellip;<\/p>\n","protected":false},"author":1,"featured_media":71879,"comment_status":"open","ping_status":"open","sticky":false,"template":"","format":"standard","meta":{"footnotes":""},"categories":[14122],"tags":[2,19532,22134,1950,20],"class_list":["post-71878","post","type-post","status-publish","format-standard","has-post-thumbnail","hentry","category-politica","tag-blog-do-edvaldo-magalhaes","tag-blog-mais-acessado-e-visualizado-de-caruaru-e-regiao","tag-erick-lessa-se-reune-com-presidente-do-conselho-regional-de-enfermagem-pe-para-debater-piso-salarial","tag-noticias-de-caruaru","tag-politica"],"_links":{"self":[{"href":"https:\/\/blogdoedvaldomagalhaes.com.br\/index.php\/wp-json\/wp\/v2\/posts\/71878","targetHints":{"allow":["GET"]}}],"collection":[{"href":"https:\/\/blogdoedvaldomagalhaes.com.br\/index.php\/wp-json\/wp\/v2\/posts"}],"about":[{"href":"https:\/\/blogdoedvaldomagalhaes.com.br\/index.php\/wp-json\/wp\/v2\/types\/post"}],"author":[{"embeddable":true,"href":"https:\/\/blogdoedvaldomagalhaes.com.br\/index.php\/wp-json\/wp\/v2\/users\/1"}],"replies":[{"embeddable":true,"href":"https:\/\/blogdoedvaldomagalhaes.com.br\/index.php\/wp-json\/wp\/v2\/comments?post=71878"}],"version-history":[{"count":1,"href":"https:\/\/blogdoedvaldomagalhaes.com.br\/index.php\/wp-json\/wp\/v2\/posts\/71878\/revisions"}],"predecessor-version":[{"id":71880,"href":"https:\/\/blogdoedvaldomagalhaes.com.br\/index.php\/wp-json\/wp\/v2\/posts\/71878\/revisions\/71880"}],"wp:featuredmedia":[{"embeddable":true,"href":"https:\/\/blogdoedvaldomagalhaes.com.br\/index.php\/wp-json\/wp\/v2\/media\/71879"}],"wp:attachment":[{"href":"https:\/\/blogdoedvaldomagalhaes.com.br\/index.php\/wp-json\/wp\/v2\/media?parent=71878"}],"wp:term":[{"taxonomy":"category","embeddable":true,"href":"https:\/\/blogdoedvaldomagalhaes.com.br\/index.php\/wp-json\/wp\/v2\/categories?post=71878"},{"taxonomy":"post_tag","embeddable":true,"href":"https:\/\/blogdoedvaldomagalhaes.com.br\/index.php\/wp-json\/wp\/v2\/tags?post=71878"}],"curies":[{"name":"wp","href":"https:\/\/api.w.org\/{rel}","templated":true}]}}