{"id":71873,"date":"2021-07-08T18:44:37","date_gmt":"2021-07-08T21:44:37","guid":{"rendered":"https:\/\/blogdoedvaldomagalhaes.com.br\/?p=71873"},"modified":"2021-07-08T18:44:39","modified_gmt":"2021-07-08T21:44:39","slug":"parque-de-serra-dos-cavalos-e-pauta-do-vereador-jorge-quintino","status":"publish","type":"post","link":"https:\/\/blogdoedvaldomagalhaes.com.br\/index.php\/2021\/07\/08\/parque-de-serra-dos-cavalos-e-pauta-do-vereador-jorge-quintino\/","title":{"rendered":"Parque de Serra dos Cavalos \u00e9 pauta do vereador Jorge Quintino"},"content":{"rendered":"<p style=\"text-align: justify;\">Em comemora\u00e7\u00e3o aos 38 anos no Parque Natural Municipal Professor Jo\u00e3o Vasconcelos Sobrinho, o vereador Jorge Quintino enfatiza a necessidade de ampliar benef\u00edcios para regi\u00e3o.<\/p>\n<p style=\"text-align: justify;\">Recentemente o vereador esteve em Serra dos Cavalos, em uma a\u00e7\u00e3o conjunta com outros edis, com o objetivo de averiguar as necessidades do local. \u201cN\u00e3o tenho d\u00favida que nossos colegas ficaram muito satisfeitos com nosso passeio e j\u00e1 iniciaram o trabalho de divulga\u00e7\u00e3o da nossa\u201d Amaz\u00f4nia\u201d, disse o parlamentar.<\/p>\n<p style=\"text-align: justify;\">Jorge Quintino \u00e9 o atual presidente da Comiss\u00e3o de Meio Ambiente na Casa Legislativa. \u201cEnviei v\u00e1rios requerimentos de melhoria para regi\u00e3o, entre eles, a instala\u00e7\u00e3o de um Mirante, uma Concha Ac\u00fastica \/ Anfiteatro;<br \/>\nrequalifica\u00e7\u00e3o na sede existente e melhoria das vias de acesso aos restaurantes Diamante da Serra, Horizonte Verde e Ecocamping.<br \/>\nTodos precisam conhecer para preservar!\u201d, finalizou.<\/p>\n<p style=\"text-align: justify;\">O parque \u00e9 considerado uma das principais \u00e1reas de preserva\u00e7\u00e3o no Estado.<\/p>\n","protected":false},"excerpt":{"rendered":"<p>Em comemora\u00e7\u00e3o aos 38 anos no Parque Natural Municipal Professor Jo\u00e3o Vasconcelos Sobrinho, o vereador Jorge Quintino enfatiza a necessidade&hellip;<\/p>\n","protected":false},"author":1,"featured_media":71874,"comment_status":"open","ping_status":"open","sticky":false,"template":"","format":"standard","meta":{"footnotes":""},"categories":[1],"tags":[2,19532,1950,22133],"class_list":["post-71873","post","type-post","status-publish","format-standard","has-post-thumbnail","hentry","category-sem-categoria","tag-blog-do-edvaldo-magalhaes","tag-blog-mais-acessado-e-visualizado-de-caruaru-e-regiao","tag-noticias-de-caruaru","tag-parque-de-serra-dos-cavalos-e-pauta-do-vereador-jorge-quintino"],"_links":{"self":[{"href":"https:\/\/blogdoedvaldomagalhaes.com.br\/index.php\/wp-json\/wp\/v2\/posts\/71873","targetHints":{"allow":["GET"]}}],"collection":[{"href":"https:\/\/blogdoedvaldomagalhaes.com.br\/index.php\/wp-json\/wp\/v2\/posts"}],"about":[{"href":"https:\/\/blogdoedvaldomagalhaes.com.br\/index.php\/wp-json\/wp\/v2\/types\/post"}],"author":[{"embeddable":true,"href":"https:\/\/blogdoedvaldomagalhaes.com.br\/index.php\/wp-json\/wp\/v2\/users\/1"}],"replies":[{"embeddable":true,"href":"https:\/\/blogdoedvaldomagalhaes.com.br\/index.php\/wp-json\/wp\/v2\/comments?post=71873"}],"version-history":[{"count":1,"href":"https:\/\/blogdoedvaldomagalhaes.com.br\/index.php\/wp-json\/wp\/v2\/posts\/71873\/revisions"}],"predecessor-version":[{"id":71875,"href":"https:\/\/blogdoedvaldomagalhaes.com.br\/index.php\/wp-json\/wp\/v2\/posts\/71873\/revisions\/71875"}],"wp:featuredmedia":[{"embeddable":true,"href":"https:\/\/blogdoedvaldomagalhaes.com.br\/index.php\/wp-json\/wp\/v2\/media\/71874"}],"wp:attachment":[{"href":"https:\/\/blogdoedvaldomagalhaes.com.br\/index.php\/wp-json\/wp\/v2\/media?parent=71873"}],"wp:term":[{"taxonomy":"category","embeddable":true,"href":"https:\/\/blogdoedvaldomagalhaes.com.br\/index.php\/wp-json\/wp\/v2\/categories?post=71873"},{"taxonomy":"post_tag","embeddable":true,"href":"https:\/\/blogdoedvaldomagalhaes.com.br\/index.php\/wp-json\/wp\/v2\/tags?post=71873"}],"curies":[{"name":"wp","href":"https:\/\/api.w.org\/{rel}","templated":true}]}}