{"id":7182,"date":"2017-01-02T23:12:00","date_gmt":"2017-01-03T01:12:00","guid":{"rendered":"http:\/\/blogdoedvaldomagalhaes.com.br\/index.php\/2017\/01\/02\/posse-do-prefeito-vice-e-vereadores-de\/"},"modified":"2019-02-09T01:12:33","modified_gmt":"2019-02-09T03:12:33","slug":"posse-do-prefeito-vice-e-vereadores-de","status":"publish","type":"post","link":"https:\/\/blogdoedvaldomagalhaes.com.br\/index.php\/2017\/01\/02\/posse-do-prefeito-vice-e-vereadores-de\/","title":{"rendered":"Posse do Prefeito, Vice e Vereadores de Brejo da Madre de Deus termina em festa"},"content":{"rendered":"<div class=\"separator\" style=\"clear: both; text-align: center;\">\n<a href=\"https:\/\/1.bp.blogspot.com\/-cBuDGwy6rxU\/WGrcM-ZmyrI\/AAAAAAAAM1c\/aldEnti8Coo41tGRzlVg3N2BS9kZa3fuQCLcB\/s1600\/prefeito.jpg\" imageanchor=\"1\" style=\"margin-left: 1em; margin-right: 1em;\"><img loading=\"lazy\" decoding=\"async\" border=\"0\" height=\"300\" src=\"http:\/\/blogdoedvaldomagalhaes.com.br\/wp-content\/uploads\/2017\/01\/prefeito.jpg\" width=\"400\" \/><\/a><\/div>\n<div style=\"background-color: white; color: #212121; font-family: Arial, Tahoma, Helvetica, FreeSans, sans-serif; font-size: 15.2px; letter-spacing: 0.16px; text-align: justify;\">\n<\/div>\n<div style=\"background-color: white; color: #212121; font-family: Arial, Tahoma, Helvetica, FreeSans, sans-serif; font-size: 15.2px; letter-spacing: 0.16px; text-align: justify;\">\nA Quadra da Escola Maria Da Gl\u00f3ria, ficou lotada por populares que compareceram para a cerim\u00f4nia de posse do Prefeito Hil\u00e1rio Paulo, do Vice Josevaldo e dos vereadores.<\/div>\n<div style=\"background-color: white; color: #212121; font-family: Arial, Tahoma, Helvetica, FreeSans, sans-serif; font-size: 15.2px; letter-spacing: 0.16px; text-align: justify;\">\n<\/div>\n<div class=\"separator\" style=\"clear: both; text-align: center;\">\n<a href=\"https:\/\/2.bp.blogspot.com\/-_oOuJ1Hdp2Y\/WGrcVsGlLQI\/AAAAAAAAM1g\/VZb7XfWYvWE2hT80ax1RvGr65D3oZaeHgCLcB\/s1600\/prefeito%2B6.jpg\" imageanchor=\"1\" style=\"margin-left: 1em; margin-right: 1em;\"><img loading=\"lazy\" decoding=\"async\" border=\"0\" height=\"265\" src=\"http:\/\/blogdoedvaldomagalhaes.com.br\/wp-content\/uploads\/2017\/01\/prefeito6.jpg\" width=\"400\" \/><\/a><\/div>\n<div style=\"background-color: white; color: #212121; font-family: Arial, Tahoma, Helvetica, FreeSans, sans-serif; font-size: 15.2px; letter-spacing: 0.16px; text-align: justify;\">\n<\/div>\n<div style=\"background-color: white; color: #212121; font-family: Arial, Tahoma, Helvetica, FreeSans, sans-serif; font-size: 15.2px; letter-spacing: 0.16px; text-align: justify;\">\nA Vereadora Maria Jos\u00e9 do Tambor conduziu a reuni\u00e3o que empossou os vereadores e em seguida nomeou uma comiss\u00e3o para ir buscar na casa de Dr. Edson o prefeito e vice. A chegada foi triunfal, aplausos e muita emo\u00e7\u00e3o permaneceram em todos os momentos da solenidade.<\/div>\n<div style=\"background-color: white; color: #212121; font-family: Arial, Tahoma, Helvetica, FreeSans, sans-serif; font-size: 15.2px; letter-spacing: 0.16px; text-align: justify;\">\n<\/div>\n<div class=\"separator\" style=\"clear: both; text-align: center;\">\n<a href=\"https:\/\/3.bp.blogspot.com\/-XAebSwrV3Ms\/WGrcdtvb22I\/AAAAAAAAM1k\/ZgBma2Nwdkorlp-FbzO5a-dEcFh78jCUQCLcB\/s1600\/prefeito%2B4.jpg\" imageanchor=\"1\" style=\"margin-left: 1em; margin-right: 1em;\"><img loading=\"lazy\" decoding=\"async\" border=\"0\" height=\"265\" src=\"http:\/\/blogdoedvaldomagalhaes.com.br\/wp-content\/uploads\/2017\/01\/prefeito4.jpg\" width=\"400\" \/><\/a><\/div>\n<div style=\"background-color: white; color: #212121; font-family: Arial, Tahoma, Helvetica, FreeSans, sans-serif; font-size: 15.2px; letter-spacing: 0.16px; text-align: justify;\">\n<\/div>\n<div style=\"background-color: white; color: #212121; font-family: Arial, Tahoma, Helvetica, FreeSans, sans-serif; font-size: 15.2px; letter-spacing: 0.16px; text-align: justify;\">\nApenas uma chapa foi apresentada para concorrer a resid\u00eancia da c\u00e2mara, elegendo assim por oito votos a favor e quatro absten\u00e7\u00f5es Laelson do Sindicato presidente da Casa Jos\u00e9 Cupertino de Sousa. Man\u00e9 Bento ficou como vice, Maria Jos\u00e9 do Tambor 1\u00aa secret\u00e1ria e Silvano de S\u00e3o Domingos 2\u00ba secret\u00e1rio. Robertinho Asfora n\u00e3o compareceu para ser empossado, mas tem prazo regimental para se apresentar.<\/div>\n<div class=\"separator\" style=\"clear: both; text-align: center;\">\n<\/div>\n<p><\/p>\n<div class=\"separator\" style=\"clear: both; text-align: center;\">\n<a href=\"https:\/\/2.bp.blogspot.com\/-rnrFqKJeQHE\/WGrcoL8zdGI\/AAAAAAAAM1s\/4DJVfFOkmlQ4WT6mHzelSoMqOpTPFOFTQCLcB\/s1600\/prefeito%2B2.jpg\" imageanchor=\"1\" style=\"margin-left: 1em; margin-right: 1em;\"><img loading=\"lazy\" decoding=\"async\" border=\"0\" height=\"265\" src=\"http:\/\/blogdoedvaldomagalhaes.com.br\/wp-content\/uploads\/2017\/01\/prefeito2.jpg\" width=\"400\" \/><\/a><\/div>\n<div style=\"background-color: white; color: #212121; font-family: Arial, Tahoma, Helvetica, FreeSans, sans-serif; font-size: 15.2px; letter-spacing: 0.16px; text-align: justify;\">\n<\/div>\n<div style=\"background-color: white; color: #212121; font-family: Arial, Tahoma, Helvetica, FreeSans, sans-serif; font-size: 15.2px; letter-spacing: 0.16px; text-align: justify;\">\nEm sua fala, Dr. Edson mostrou lideran\u00e7a, ressaltou a escolha da chapa vitoriosa e respondeu ao Vereador Marcone da Padaria que disse que nem um prefeito na hist\u00f3ria trabalhou por S\u00e3o Domingos. Dr. Edson mostrou todas as obras que fez no Distrito e ainda, as que ficaram com dinheiro em caixa e empenhadas para serem executadas em S\u00e3o Domingos.<\/div>\n<div style=\"background-color: white; color: #212121; font-family: Arial, Tahoma, Helvetica, FreeSans, sans-serif; font-size: 15.2px; letter-spacing: 0.16px; text-align: justify;\">\n<\/div>\n<div class=\"separator\" style=\"clear: both; text-align: center;\">\n<a href=\"https:\/\/1.bp.blogspot.com\/-SQYBtKWIk7A\/WGrdAPhh2GI\/AAAAAAAAM10\/EQnmN3fEESI56M7olTdPWdVlNyoitW0BwCLcB\/s1600\/prefewito%2B8.jpg\" imageanchor=\"1\" style=\"margin-left: 1em; margin-right: 1em;\"><img loading=\"lazy\" decoding=\"async\" border=\"0\" height=\"265\" src=\"http:\/\/blogdoedvaldomagalhaes.com.br\/wp-content\/uploads\/2017\/01\/prefewito8.jpg\" width=\"400\" \/><\/a><\/div>\n<div style=\"background-color: white; color: #212121; font-family: Arial, Tahoma, Helvetica, FreeSans, sans-serif; font-size: 15.2px; letter-spacing: 0.16px; text-align: justify;\">\n<\/div>\n<div style=\"background-color: white; color: #212121; font-family: Arial, Tahoma, Helvetica, FreeSans, sans-serif; font-size: 15.2px; letter-spacing: 0.16px; text-align: justify;\">\n<\/div>\n<div style=\"background-color: white; color: #212121; font-family: Arial, Tahoma, Helvetica, FreeSans, sans-serif; font-size: 15.2px; letter-spacing: 0.16px; text-align: justify;\">\nJosevaldo falou um pouco de sua trajet\u00f3ria, exaltou a lideran\u00e7a de Dr. Edson e a afinidade que tem com Hil\u00e1rio. &#8220;Vamos fazer uma gest\u00e3o ouvindo o povo e aprendendo com eles&#8221; disse para o blog o vice-prefeito.<\/div>\n<div style=\"background-color: white; color: #212121; font-family: Arial, Tahoma, Helvetica, FreeSans, sans-serif; font-size: 15.2px; letter-spacing: 0.16px; text-align: justify;\">\n<\/div>\n<div class=\"separator\" style=\"clear: both; text-align: center;\">\n<a href=\"https:\/\/3.bp.blogspot.com\/-_bW6g2vunls\/WGrdGoCUgcI\/AAAAAAAAM14\/DQ2jgIJP13Y_MAsoCrx1obtGWmprOf6MwCLcB\/s1600\/prefeito%2B7.jpg\" imageanchor=\"1\" style=\"margin-left: 1em; margin-right: 1em;\"><img loading=\"lazy\" decoding=\"async\" border=\"0\" height=\"265\" src=\"http:\/\/blogdoedvaldomagalhaes.com.br\/wp-content\/uploads\/2017\/01\/prefeito7.jpg\" width=\"400\" \/><\/a><\/div>\n<div style=\"background-color: white; color: #212121; font-family: Arial, Tahoma, Helvetica, FreeSans, sans-serif; font-size: 15.2px; letter-spacing: 0.16px; text-align: justify;\">\n<\/div>\n<div style=\"background-color: white; color: #212121; font-family: Arial, Tahoma, Helvetica, FreeSans, sans-serif; font-size: 15.2px; letter-spacing: 0.16px; text-align: justify;\">\nSobe forte emo\u00e7\u00e3o e muita seguran\u00e7a nas palavras, &nbsp;Hil\u00e1rio Paulo mostrou que far\u00e1 o governo popular e focado nas prioridades. O prefeito eleito anunciou ainda alguns secret\u00e1rios que v\u00e3o compor sua equipe e j\u00e1 na prefeitura, inaugurou o mural que simbolizou a mudan\u00e7a entre prefeitura e Pal\u00e1cio Municipal Pedro Aleixo de Sousa.<\/div>\n<div style=\"background-color: white; color: #212121; font-family: Arial, Tahoma, Helvetica, FreeSans, sans-serif; font-size: 15.2px; letter-spacing: 0.16px; text-align: justify;\">\n<\/div>\n<div class=\"separator\" style=\"clear: both; text-align: center;\">\n<a href=\"https:\/\/4.bp.blogspot.com\/-nn5X20b3yvk\/WGrd16rtrvI\/AAAAAAAAM2E\/D6byxIWrVY8WqUT0lnzOVX1_nhC8OpSLgCLcB\/s1600\/prefeito%2B8.jpg\" imageanchor=\"1\" style=\"margin-left: 1em; margin-right: 1em;\"><img loading=\"lazy\" decoding=\"async\" border=\"0\" height=\"265\" src=\"http:\/\/blogdoedvaldomagalhaes.com.br\/wp-content\/uploads\/2017\/01\/prefeito8.jpg\" width=\"400\" \/><\/a><\/div>\n<div style=\"background-color: white; color: #212121; font-family: Arial, Tahoma, Helvetica, FreeSans, sans-serif; font-size: 15.2px; letter-spacing: 0.16px; text-align: justify;\">\n<\/div>\n<div style=\"background-color: white; color: #212121; font-family: Arial, Tahoma, Helvetica, FreeSans, sans-serif; font-size: 15.2px; letter-spacing: 0.16px; text-align: justify;\">\nA anima\u00e7\u00e3o ficou por conta de reboques de som e show em pra\u00e7a p\u00fablica com Jean Ara\u00fajo e forr\u00f3 Pikap Turbinada.<\/div>\n<div style=\"background-color: white; color: #212121; font-family: Arial, Tahoma, Helvetica, FreeSans, sans-serif; font-size: 15.2px; letter-spacing: 0.16px; text-align: justify;\">\n<\/div>\n<div class=\"separator\" style=\"clear: both; text-align: center;\">\n<a href=\"https:\/\/3.bp.blogspot.com\/-9S2MvbNBCyA\/WGrd8Juo5FI\/AAAAAAAAM2I\/8feoWv2qVcsZDyOWl5UcRiw8XwVRRpUGgCLcB\/s1600\/prefeito%2B9.jpg\" imageanchor=\"1\" style=\"margin-left: 1em; margin-right: 1em;\"><img loading=\"lazy\" decoding=\"async\" border=\"0\" height=\"265\" src=\"http:\/\/blogdoedvaldomagalhaes.com.br\/wp-content\/uploads\/2017\/01\/prefeito9.jpg\" width=\"400\" \/><\/a><\/div>\n<div style=\"background-color: white; color: #212121; font-family: Arial, Tahoma, Helvetica, FreeSans, sans-serif; font-size: 15.2px; letter-spacing: 0.16px; text-align: justify;\">\n<\/div>\n<div style=\"background-color: white; color: #212121; font-family: Arial, Tahoma, Helvetica, FreeSans, sans-serif; font-size: 15.2px; letter-spacing: 0.16px; text-align: justify;\">\nInforma\u00e7\u00f5es de Marcelo Santa Cruz.<\/div>\n","protected":false},"excerpt":{"rendered":"<p>A Quadra da Escola Maria Da Gl\u00f3ria, ficou lotada por populares que compareceram para a cerim\u00f4nia de posse do Prefeito&hellip;<\/p>\n","protected":false},"author":1,"featured_media":0,"comment_status":"open","ping_status":"open","sticky":false,"template":"","format":"standard","meta":{"footnotes":""},"categories":[1],"tags":[2,9976,5470,9977,20,9978,9979],"class_list":["post-7182","post","type-post","status-publish","format-standard","hentry","category-sem-categoria","tag-blog-do-edvaldo-magalhaes","tag-edson-souza","tag-hilario-paulo","tag-manuel-bento","tag-politica","tag-posse-do-prefeito","tag-vice-e-vereadores-de-brejo-da-madre-de-deus-termina-em-festa"],"_links":{"self":[{"href":"https:\/\/blogdoedvaldomagalhaes.com.br\/index.php\/wp-json\/wp\/v2\/posts\/7182","targetHints":{"allow":["GET"]}}],"collection":[{"href":"https:\/\/blogdoedvaldomagalhaes.com.br\/index.php\/wp-json\/wp\/v2\/posts"}],"about":[{"href":"https:\/\/blogdoedvaldomagalhaes.com.br\/index.php\/wp-json\/wp\/v2\/types\/post"}],"author":[{"embeddable":true,"href":"https:\/\/blogdoedvaldomagalhaes.com.br\/index.php\/wp-json\/wp\/v2\/users\/1"}],"replies":[{"embeddable":true,"href":"https:\/\/blogdoedvaldomagalhaes.com.br\/index.php\/wp-json\/wp\/v2\/comments?post=7182"}],"version-history":[{"count":1,"href":"https:\/\/blogdoedvaldomagalhaes.com.br\/index.php\/wp-json\/wp\/v2\/posts\/7182\/revisions"}],"predecessor-version":[{"id":15685,"href":"https:\/\/blogdoedvaldomagalhaes.com.br\/index.php\/wp-json\/wp\/v2\/posts\/7182\/revisions\/15685"}],"wp:attachment":[{"href":"https:\/\/blogdoedvaldomagalhaes.com.br\/index.php\/wp-json\/wp\/v2\/media?parent=7182"}],"wp:term":[{"taxonomy":"category","embeddable":true,"href":"https:\/\/blogdoedvaldomagalhaes.com.br\/index.php\/wp-json\/wp\/v2\/categories?post=7182"},{"taxonomy":"post_tag","embeddable":true,"href":"https:\/\/blogdoedvaldomagalhaes.com.br\/index.php\/wp-json\/wp\/v2\/tags?post=7182"}],"curies":[{"name":"wp","href":"https:\/\/api.w.org\/{rel}","templated":true}]}}