{"id":71798,"date":"2021-07-06T22:48:56","date_gmt":"2021-07-07T01:48:56","guid":{"rendered":"https:\/\/blogdoedvaldomagalhaes.com.br\/?p=71798"},"modified":"2021-07-06T22:55:28","modified_gmt":"2021-07-07T01:55:28","slug":"vereador-irmao-ronaldo-pede-reforma-e-requalificacao-da-praca-da-quadra-de-areia-no-bairro-boa-vista","status":"publish","type":"post","link":"https:\/\/blogdoedvaldomagalhaes.com.br\/index.php\/2021\/07\/06\/vereador-irmao-ronaldo-pede-reforma-e-requalificacao-da-praca-da-quadra-de-areia-no-bairro-boa-vista\/","title":{"rendered":"Vereador Irm\u00e3o Ronaldo pede   reforma e requalifica\u00e7\u00e3o da pra\u00e7a da quadra de areia no bairro Boa Vista"},"content":{"rendered":"<p style=\"text-align: justify;\">Aprovado por unanimidade na C\u00e2mara Municipal de Caruaru, o requerimento de autoria do vereador Irm\u00e3o Ronaldo, solicitando a reforma e requalifica\u00e7\u00e3o da Pra\u00e7a Expedito Roberto Silva, conhecida como Pra\u00e7a da quadra de areia. De acordo com o Irm\u00e3o Ronaldo &#8220;a obra foi iniciada nesta semana, com novo projeto, que tem toda parte de acessibilidade, nova arboriza\u00e7\u00e3o, brinquedos novos para crian\u00e7as se divertirem, nova ilumina\u00e7\u00e3o<br>\nde led, e daqui a 45 (quarenta e cinco) dias a prefeita Raquel Lyra prometeu entregar, para minha alegria e de todos da nossa comunidade&#8221;, concluiu o vereador.<\/p>\n<p style=\"text-align: justify;\">PROJETOS DE LEI EM TRAMITA\u00c7\u00c3O<\/p>\n<p style=\"text-align: justify;\">PL 8934\/2021 &#8211; PROJETO DE LEI<br>\nEmenta:<br>\nInstitui, no Calend\u00e1rio Oficial de Eventos do Munic\u00edpio de Caruaru a Campanha \u201cCuida<br>\nBem de Mim\u201d, destinada a combater a viol\u00eancia e os maus-tratos contra crian\u00e7as e<br>\nadolescentes.<\/p>\n<p style=\"text-align: justify;\">PL 8886\/2021 &#8211; PROJETO DE LEI<br>\nEmenta:<br>\nEstabelece as igrejas e os templos de qualquer culto como atividade essencial na cidade de Caruaru durante per\u00edodos de calamidade p\u00fablica decretada pelo munic\u00edpio de Caruaru.<\/p>\n<p style=\"text-align: justify;\">INDICA\u00c7\u00c3O<br>\nAo Senhor Ten. Cel. Qopm. CLEONILDO DE AZEVEDO NUNES, Comandante do 4\u00ba BPM<br>\nBatalh\u00e3o Barreto de Menezes, do estado de Pernambuco, que seja viabilizada a realiza\u00e7\u00e3o<br>\nde rondas regulares pelas viaturas da Pol\u00edcia Militar na Estrada que liga o bairro kennedy,<br>\npassando pelos bairros Nina Liberato, Lagoa de pedra at\u00e9 o s\u00edtio Serrote dos bois no IV<br>\nDistrito, sobretudo durante o dia e a noite de forma rotineira.<\/p>\n<p style=\"text-align: justify;\">REQUERIMENTO<\/p>\n<p style=\"text-align: justify;\">REQ 2080\/2021 &#8211; REQUERIMENTO<br>\nEmenta:<br>\nPara que seja institu\u00eddo no munic\u00edpio de Caruaru o Projeto de Lei que Cria o Programa<br>\nPermanente de Refor\u00e7o Escolar aos alunos matriculados nas unidades municipais de<br>\nensino, em especial os residentes em \u00e1reas de interesse social, nas comunidades mais<\/p>\n\n\n<figure class=\"wp-block-image size-large\"><img loading=\"lazy\" decoding=\"async\" width=\"1024\" height=\"768\" src=\"https:\/\/blogdoedvaldomagalhaes.com.br\/wp-content\/uploads\/2021\/07\/IMG-20210706-WA0233-1024x768.jpg\" alt=\"\" class=\"wp-image-71801\" srcset=\"https:\/\/blogdoedvaldomagalhaes.com.br\/wp-content\/uploads\/2021\/07\/IMG-20210706-WA0233-1024x768.jpg 1024w, https:\/\/blogdoedvaldomagalhaes.com.br\/wp-content\/uploads\/2021\/07\/IMG-20210706-WA0233-300x225.jpg 300w, https:\/\/blogdoedvaldomagalhaes.com.br\/wp-content\/uploads\/2021\/07\/IMG-20210706-WA0233-768x576.jpg 768w, https:\/\/blogdoedvaldomagalhaes.com.br\/wp-content\/uploads\/2021\/07\/IMG-20210706-WA0233-160x120.jpg 160w, https:\/\/blogdoedvaldomagalhaes.com.br\/wp-content\/uploads\/2021\/07\/IMG-20210706-WA0233.jpg 1280w\" sizes=\"auto, (max-width: 1024px) 100vw, 1024px\" \/><\/figure>\n\n\n\n<figure class=\"wp-block-image size-large\"><img loading=\"lazy\" decoding=\"async\" width=\"1024\" height=\"768\" src=\"https:\/\/blogdoedvaldomagalhaes.com.br\/wp-content\/uploads\/2021\/07\/IMG-20210706-WA0234-1024x768.jpg\" alt=\"\" class=\"wp-image-71804\" srcset=\"https:\/\/blogdoedvaldomagalhaes.com.br\/wp-content\/uploads\/2021\/07\/IMG-20210706-WA0234-1024x768.jpg 1024w, https:\/\/blogdoedvaldomagalhaes.com.br\/wp-content\/uploads\/2021\/07\/IMG-20210706-WA0234-300x225.jpg 300w, https:\/\/blogdoedvaldomagalhaes.com.br\/wp-content\/uploads\/2021\/07\/IMG-20210706-WA0234-768x576.jpg 768w, https:\/\/blogdoedvaldomagalhaes.com.br\/wp-content\/uploads\/2021\/07\/IMG-20210706-WA0234-160x120.jpg 160w, https:\/\/blogdoedvaldomagalhaes.com.br\/wp-content\/uploads\/2021\/07\/IMG-20210706-WA0234.jpg 1280w\" sizes=\"auto, (max-width: 1024px) 100vw, 1024px\" \/><figcaption>Fotos: Divulga\u00e7\u00e3o<\/figcaption><\/figure>\n","protected":false},"excerpt":{"rendered":"<p>Aprovado por unanimidade na C\u00e2mara Municipal de Caruaru, o requerimento de autoria do vereador Irm\u00e3o Ronaldo, solicitando a reforma e&hellip;<\/p>\n","protected":false},"author":1,"featured_media":71799,"comment_status":"open","ping_status":"open","sticky":false,"template":"","format":"standard","meta":{"footnotes":""},"categories":[14122],"tags":[992,19532,1950],"class_list":["post-71798","post","type-post","status-publish","format-standard","has-post-thumbnail","hentry","category-politica","tag-blog-do-edvaldo-do-magalhaes","tag-blog-mais-acessado-e-visualizado-de-caruaru-e-regiao","tag-noticias-de-caruaru"],"_links":{"self":[{"href":"https:\/\/blogdoedvaldomagalhaes.com.br\/index.php\/wp-json\/wp\/v2\/posts\/71798","targetHints":{"allow":["GET"]}}],"collection":[{"href":"https:\/\/blogdoedvaldomagalhaes.com.br\/index.php\/wp-json\/wp\/v2\/posts"}],"about":[{"href":"https:\/\/blogdoedvaldomagalhaes.com.br\/index.php\/wp-json\/wp\/v2\/types\/post"}],"author":[{"embeddable":true,"href":"https:\/\/blogdoedvaldomagalhaes.com.br\/index.php\/wp-json\/wp\/v2\/users\/1"}],"replies":[{"embeddable":true,"href":"https:\/\/blogdoedvaldomagalhaes.com.br\/index.php\/wp-json\/wp\/v2\/comments?post=71798"}],"version-history":[{"count":3,"href":"https:\/\/blogdoedvaldomagalhaes.com.br\/index.php\/wp-json\/wp\/v2\/posts\/71798\/revisions"}],"predecessor-version":[{"id":71805,"href":"https:\/\/blogdoedvaldomagalhaes.com.br\/index.php\/wp-json\/wp\/v2\/posts\/71798\/revisions\/71805"}],"wp:featuredmedia":[{"embeddable":true,"href":"https:\/\/blogdoedvaldomagalhaes.com.br\/index.php\/wp-json\/wp\/v2\/media\/71799"}],"wp:attachment":[{"href":"https:\/\/blogdoedvaldomagalhaes.com.br\/index.php\/wp-json\/wp\/v2\/media?parent=71798"}],"wp:term":[{"taxonomy":"category","embeddable":true,"href":"https:\/\/blogdoedvaldomagalhaes.com.br\/index.php\/wp-json\/wp\/v2\/categories?post=71798"},{"taxonomy":"post_tag","embeddable":true,"href":"https:\/\/blogdoedvaldomagalhaes.com.br\/index.php\/wp-json\/wp\/v2\/tags?post=71798"}],"curies":[{"name":"wp","href":"https:\/\/api.w.org\/{rel}","templated":true}]}}