{"id":7161,"date":"2017-01-05T09:47:00","date_gmt":"2017-01-05T11:47:00","guid":{"rendered":"http:\/\/blogdoedvaldomagalhaes.com.br\/index.php\/2017\/01\/05\/suspeito-de-assaltar-mototaxista-e\/"},"modified":"2019-02-09T01:12:44","modified_gmt":"2019-02-09T03:12:44","slug":"suspeito-de-assaltar-mototaxista-e","status":"publish","type":"post","link":"https:\/\/blogdoedvaldomagalhaes.com.br\/index.php\/2017\/01\/05\/suspeito-de-assaltar-mototaxista-e\/","title":{"rendered":"Suspeito de assaltar mototaxista \u00e9 detido pela Rocam"},"content":{"rendered":"<div class=\"separator\" style=\"clear: both; text-align: center;\">\n<a href=\"https:\/\/3.bp.blogspot.com\/-2zlUQkGhdgk\/WG4VaEGwnrI\/AAAAAAAAM8Q\/Ur8AVhHpUz4ctDLHLWVj_0lj-JPxeVhzACLcB\/s1600\/preso.jpeg\" imageanchor=\"1\" style=\"margin-left: 1em; margin-right: 1em;\"><img loading=\"lazy\" decoding=\"async\" border=\"0\" height=\"221\" src=\"http:\/\/blogdoedvaldomagalhaes.com.br\/wp-content\/uploads\/2017\/01\/preso.jpeg\" width=\"400\" \/><\/a><\/div>\n<div class=\"MsoNormal\" style=\"background-color: white; color: #222222; font-family: Arial, Tahoma, Helvetica, FreeSans, sans-serif; font-size: 13.2px; text-align: justify;\">\n<\/div>\n<div class=\"MsoNormal\" style=\"background-color: white; color: #222222; font-family: Arial, Tahoma, Helvetica, FreeSans, sans-serif; font-size: 13.2px; text-align: justify;\">\nAlessandro Gomes de Lima,&nbsp;de 23 anos, que mora no Beco do R\u00f3 no bairro Riach\u00e3o,&nbsp;tentou assaltar um mototaxista, mas a v\u00edtima reagiu e ao fugir do assaltante encontrou o policiamento e quando os policiais foram fazer as buscas encontraram o criminoso, que foi levado ao plant\u00e3o da 1\u00aa DP, onde foi autuado em flagrante por tentativa de roubo e ser\u00e1 apresentado na audi\u00eancia de cust\u00f3dia<\/div>\n","protected":false},"excerpt":{"rendered":"<p>Alessandro Gomes de Lima,&nbsp;de 23 anos, que mora no Beco do R\u00f3 no bairro Riach\u00e3o,&nbsp;tentou assaltar um mototaxista, mas a&hellip;<\/p>\n","protected":false},"author":1,"featured_media":0,"comment_status":"open","ping_status":"open","sticky":false,"template":"","format":"standard","meta":{"footnotes":""},"categories":[1],"tags":[3913,2,13,9936],"class_list":["post-7161","post","type-post","status-publish","format-standard","hentry","category-sem-categoria","tag-bairro-riachao","tag-blog-do-edvaldo-magalhaes","tag-policial","tag-suspeito-de-assaltar-mototaxista-e-detido-pela-rocam"],"_links":{"self":[{"href":"https:\/\/blogdoedvaldomagalhaes.com.br\/index.php\/wp-json\/wp\/v2\/posts\/7161","targetHints":{"allow":["GET"]}}],"collection":[{"href":"https:\/\/blogdoedvaldomagalhaes.com.br\/index.php\/wp-json\/wp\/v2\/posts"}],"about":[{"href":"https:\/\/blogdoedvaldomagalhaes.com.br\/index.php\/wp-json\/wp\/v2\/types\/post"}],"author":[{"embeddable":true,"href":"https:\/\/blogdoedvaldomagalhaes.com.br\/index.php\/wp-json\/wp\/v2\/users\/1"}],"replies":[{"embeddable":true,"href":"https:\/\/blogdoedvaldomagalhaes.com.br\/index.php\/wp-json\/wp\/v2\/comments?post=7161"}],"version-history":[{"count":1,"href":"https:\/\/blogdoedvaldomagalhaes.com.br\/index.php\/wp-json\/wp\/v2\/posts\/7161\/revisions"}],"predecessor-version":[{"id":15734,"href":"https:\/\/blogdoedvaldomagalhaes.com.br\/index.php\/wp-json\/wp\/v2\/posts\/7161\/revisions\/15734"}],"wp:attachment":[{"href":"https:\/\/blogdoedvaldomagalhaes.com.br\/index.php\/wp-json\/wp\/v2\/media?parent=7161"}],"wp:term":[{"taxonomy":"category","embeddable":true,"href":"https:\/\/blogdoedvaldomagalhaes.com.br\/index.php\/wp-json\/wp\/v2\/categories?post=7161"},{"taxonomy":"post_tag","embeddable":true,"href":"https:\/\/blogdoedvaldomagalhaes.com.br\/index.php\/wp-json\/wp\/v2\/tags?post=7161"}],"curies":[{"name":"wp","href":"https:\/\/api.w.org\/{rel}","templated":true}]}}