{"id":7156,"date":"2017-01-05T21:21:00","date_gmt":"2017-01-05T23:21:00","guid":{"rendered":"http:\/\/blogdoedvaldomagalhaes.com.br\/index.php\/2017\/01\/05\/tribunal-de-contas-promove-encontro-co\/"},"modified":"2019-02-09T01:12:48","modified_gmt":"2019-02-09T03:12:48","slug":"tribunal-de-contas-promove-encontro-co","status":"publish","type":"post","link":"https:\/\/blogdoedvaldomagalhaes.com.br\/index.php\/2017\/01\/05\/tribunal-de-contas-promove-encontro-co\/","title":{"rendered":"Tribunal de Contas promove encontro com prefeitos e vereadores"},"content":{"rendered":"<div class=\"separator\" style=\"clear: both; text-align: center;\">\n<a href=\"https:\/\/4.bp.blogspot.com\/-V7YtIjnLqwc\/WG62ufMVvEI\/AAAAAAAAM9c\/96nPCHJr9jgSdlyratosOy8CP3mELQ7FQCLcB\/s1600\/tce.jpg\" imageanchor=\"1\" style=\"margin-left: 1em; margin-right: 1em;\"><img loading=\"lazy\" decoding=\"async\" border=\"0\" height=\"268\" src=\"http:\/\/blogdoedvaldomagalhaes.com.br\/wp-content\/uploads\/2017\/01\/tce.jpg\" width=\"400\" \/><\/a><\/div>\n<div class=\"separator\" style=\"clear: both; text-align: center;\">\n<\/div>\n<div style=\"background-color: white; border: 0px; margin-bottom: 1.5em; outline: 0px; padding: 0px; text-align: justify; vertical-align: baseline;\">\nO Tribunal de Contas de Pernambuco (TCE) promove encontro na pr\u00f3xima ter\u00e7a-feira (10) com prefeitos dos 184 munic\u00edpios pernambucanos, eleitos e reeleitos em outubro passado. Ser\u00e1 realizado um semin\u00e1rio com o objetivo de orientar e tirar d\u00favidas sobre aspectos relevantes da administra\u00e7\u00e3o p\u00fablica municipal.<\/div>\n<div style=\"background-color: white; border: 0px; margin-bottom: 1.5em; outline: 0px; padding: 0px; text-align: justify; vertical-align: baseline;\">\nNa pauta estar\u00e3o a Lei de Responsabilidade Fiscal, presta\u00e7\u00e3o de contas, gastos com sa\u00fade e educa\u00e7\u00e3o, gest\u00e3o previdenci\u00e1ria, a import\u00e2ncia das Procuradorias Municipais, responsabiliza\u00e7\u00e3o dos agentes p\u00fablicos, \u00edndice de transpar\u00eancia dos munic\u00edpios e \u00edndice de converg\u00eancia cont\u00e1bil. A ideia \u00e9 fornecer informa\u00e7\u00f5es e prestar esclarecimentos aos novos prefeitos sobre administra\u00e7\u00e3o p\u00fablica, de forma que eles possam realizar uma gest\u00e3o eficiente, voltada para os interesses da popula\u00e7\u00e3o.<\/div>\n<div style=\"background-color: white; border: 0px; margin-bottom: 1.5em; outline: 0px; padding: 0px; text-align: justify; vertical-align: baseline;\">\n<b>N<\/b>o dia 24 deste m\u00eas ser\u00e1 a vez dos novos presidentes das C\u00e2maras Municipais de Pernambuco se reunirem com representantes do Tribunal de Contas. O semin\u00e1rio tamb\u00e9m ser\u00e1 ser\u00e1 para orientar os presidentes sobre assuntos relacionados a boas pr\u00e1ticas de gest\u00e3o.<\/div>\n<div style=\"background-color: white; border: 0px; margin-bottom: 1.5em; outline: 0px; padding: 0px; text-align: justify; vertical-align: baseline;\">\nOs dois semin\u00e1rios v\u00e3o acontecer no audit\u00f3rio do TCE, localizado no 10\u00ba andar do edif\u00edcio Dom H\u00e9lder C\u00e2mara, na Rua da Aurora, em Recife.<\/div>\n","protected":false},"excerpt":{"rendered":"<p>O Tribunal de Contas de Pernambuco (TCE) promove encontro na pr\u00f3xima ter\u00e7a-feira (10) com prefeitos dos 184 munic\u00edpios pernambucanos, eleitos&hellip;<\/p>\n","protected":false},"author":1,"featured_media":0,"comment_status":"open","ping_status":"open","sticky":false,"template":"","format":"standard","meta":{"footnotes":""},"categories":[1],"tags":[2,9924,20,9925,5532,9926],"class_list":["post-7156","post","type-post","status-publish","format-standard","hentry","category-sem-categoria","tag-blog-do-edvaldo-magalhaes","tag-edificio-dom-helder","tag-politica","tag-rua-da-aurora","tag-tce","tag-tribunal-de-contas-promove-encontro-com-prefeitos-e-vereadores"],"_links":{"self":[{"href":"https:\/\/blogdoedvaldomagalhaes.com.br\/index.php\/wp-json\/wp\/v2\/posts\/7156","targetHints":{"allow":["GET"]}}],"collection":[{"href":"https:\/\/blogdoedvaldomagalhaes.com.br\/index.php\/wp-json\/wp\/v2\/posts"}],"about":[{"href":"https:\/\/blogdoedvaldomagalhaes.com.br\/index.php\/wp-json\/wp\/v2\/types\/post"}],"author":[{"embeddable":true,"href":"https:\/\/blogdoedvaldomagalhaes.com.br\/index.php\/wp-json\/wp\/v2\/users\/1"}],"replies":[{"embeddable":true,"href":"https:\/\/blogdoedvaldomagalhaes.com.br\/index.php\/wp-json\/wp\/v2\/comments?post=7156"}],"version-history":[{"count":1,"href":"https:\/\/blogdoedvaldomagalhaes.com.br\/index.php\/wp-json\/wp\/v2\/posts\/7156\/revisions"}],"predecessor-version":[{"id":15744,"href":"https:\/\/blogdoedvaldomagalhaes.com.br\/index.php\/wp-json\/wp\/v2\/posts\/7156\/revisions\/15744"}],"wp:attachment":[{"href":"https:\/\/blogdoedvaldomagalhaes.com.br\/index.php\/wp-json\/wp\/v2\/media?parent=7156"}],"wp:term":[{"taxonomy":"category","embeddable":true,"href":"https:\/\/blogdoedvaldomagalhaes.com.br\/index.php\/wp-json\/wp\/v2\/categories?post=7156"},{"taxonomy":"post_tag","embeddable":true,"href":"https:\/\/blogdoedvaldomagalhaes.com.br\/index.php\/wp-json\/wp\/v2\/tags?post=7156"}],"curies":[{"name":"wp","href":"https:\/\/api.w.org\/{rel}","templated":true}]}}