{"id":7144,"date":"2017-01-06T22:11:00","date_gmt":"2017-01-07T00:11:00","guid":{"rendered":"http:\/\/blogdoedvaldomagalhaes.com.br\/index.php\/2017\/01\/06\/alberes-lopes-afirma-que-raquel-errou\/"},"modified":"2019-02-09T01:12:56","modified_gmt":"2019-02-09T03:12:56","slug":"alberes-lopes-afirma-que-raquel-errou","status":"publish","type":"post","link":"https:\/\/blogdoedvaldomagalhaes.com.br\/index.php\/2017\/01\/06\/alberes-lopes-afirma-que-raquel-errou\/","title":{"rendered":"Alberes Lopes afirma que Raquel errou em intervir na elei\u00e7\u00e3o da C\u00e2mara e define assessores"},"content":{"rendered":"<div class=\"separator\" style=\"clear: both; text-align: center;\">\n<a href=\"https:\/\/1.bp.blogspot.com\/-_TZHEXAP9tg\/WHATJadyFLI\/AAAAAAAANCg\/Bgk35j93N9EItPq_CPP5swLWw9M9iS30ACLcB\/s1600\/alberes.jpg\" imageanchor=\"1\" style=\"margin-left: 1em; margin-right: 1em;\"><img loading=\"lazy\" decoding=\"async\" border=\"0\" height=\"400\" src=\"http:\/\/blogdoedvaldomagalhaes.com.br\/wp-content\/uploads\/2017\/01\/alberes.jpg\" width=\"331\" \/><\/a><\/div>\n<div class=\"separator\" style=\"clear: both; text-align: center;\">\n<\/div>\n<div class=\"separator\" style=\"clear: both; text-align: justify;\">\nO vereador Alberes Lopes (PRP), eleito para o 1\u00ba mandato em Caruaru, definiu os assessores na C\u00e2mara Municipal, que s\u00e3o: Anderson Paulinete, Jorge Quintino, Leandro Torres e Gean Carlos.&nbsp;<\/div>\n<div class=\"separator\" style=\"clear: both; text-align: justify;\">\n<\/div>\n<div class=\"separator\" style=\"clear: both; text-align: justify;\">\n&#8220;Pretendo ser independente, eu seria irrespons\u00e1vel em falar em oposi\u00e7\u00e3o agora, temos que dar a tr\u00e9gua dos 100 dias, para ela (Raquel) mostrar o trabalho. Vou estar atento \u00e0s promessas de campanha. E est\u00e1 fiscalizando as a\u00e7\u00f5es, se for bom para Caruaru estarei apoiando. Ela (prefeita) j\u00e1 cometeu um erro em se envolver na elei\u00e7\u00e3o da mesa, cometendo pr\u00e1ticas da velha pol\u00edtica&#8221;, afirmou Alberes Lopes.<\/div>\n<p><\/p>\n","protected":false},"excerpt":{"rendered":"<p>O vereador Alberes Lopes (PRP), eleito para o 1\u00ba mandato em Caruaru, definiu os assessores na C\u00e2mara Municipal, que s\u00e3o:&hellip;<\/p>\n","protected":false},"author":1,"featured_media":0,"comment_status":"open","ping_status":"open","sticky":false,"template":"","format":"standard","meta":{"footnotes":""},"categories":[1],"tags":[9896,9897,2,9898,9899,9900,20],"class_list":["post-7144","post","type-post","status-publish","format-standard","hentry","category-sem-categoria","tag-alberes-lopes-afirma-que-raquel-errou-em-intervir-na-eleicao-da-camara-e-define-assessores","tag-anderson-paulinete","tag-blog-do-edvaldo-magalhaes","tag-gean-carlos","tag-jorge-quintino","tag-leandro-torres","tag-politica"],"_links":{"self":[{"href":"https:\/\/blogdoedvaldomagalhaes.com.br\/index.php\/wp-json\/wp\/v2\/posts\/7144","targetHints":{"allow":["GET"]}}],"collection":[{"href":"https:\/\/blogdoedvaldomagalhaes.com.br\/index.php\/wp-json\/wp\/v2\/posts"}],"about":[{"href":"https:\/\/blogdoedvaldomagalhaes.com.br\/index.php\/wp-json\/wp\/v2\/types\/post"}],"author":[{"embeddable":true,"href":"https:\/\/blogdoedvaldomagalhaes.com.br\/index.php\/wp-json\/wp\/v2\/users\/1"}],"replies":[{"embeddable":true,"href":"https:\/\/blogdoedvaldomagalhaes.com.br\/index.php\/wp-json\/wp\/v2\/comments?post=7144"}],"version-history":[{"count":1,"href":"https:\/\/blogdoedvaldomagalhaes.com.br\/index.php\/wp-json\/wp\/v2\/posts\/7144\/revisions"}],"predecessor-version":[{"id":15785,"href":"https:\/\/blogdoedvaldomagalhaes.com.br\/index.php\/wp-json\/wp\/v2\/posts\/7144\/revisions\/15785"}],"wp:attachment":[{"href":"https:\/\/blogdoedvaldomagalhaes.com.br\/index.php\/wp-json\/wp\/v2\/media?parent=7144"}],"wp:term":[{"taxonomy":"category","embeddable":true,"href":"https:\/\/blogdoedvaldomagalhaes.com.br\/index.php\/wp-json\/wp\/v2\/categories?post=7144"},{"taxonomy":"post_tag","embeddable":true,"href":"https:\/\/blogdoedvaldomagalhaes.com.br\/index.php\/wp-json\/wp\/v2\/tags?post=7144"}],"curies":[{"name":"wp","href":"https:\/\/api.w.org\/{rel}","templated":true}]}}