{"id":71428,"date":"2021-06-27T20:42:26","date_gmt":"2021-06-27T23:42:26","guid":{"rendered":"https:\/\/blogdoedvaldomagalhaes.com.br\/?p=71428"},"modified":"2021-06-27T20:59:15","modified_gmt":"2021-06-27T23:59:15","slug":"homem-e-morto-dentro-da-propria-casa-em-caruaru-neste-domingo-27","status":"publish","type":"post","link":"https:\/\/blogdoedvaldomagalhaes.com.br\/index.php\/2021\/06\/27\/homem-e-morto-dentro-da-propria-casa-em-caruaru-neste-domingo-27\/","title":{"rendered":"Homem \u00e9 morto dentro da pr\u00f3pria casa em Caruaru neste domingo (27)"},"content":{"rendered":"<p style=\"text-align: justify;\">Homic\u00eddio registrado na noite deste domingo (27), na terceira travessa Lima Chaves, no bairro Cidade Alta, em Caruaru. Marc\u00edlio Jos\u00e9 da Silva, de 36 anos, foi morto a tiros dentro da pr\u00f3pria casa. O corpo<span style=\"font-size: inherit;\">\u00a0ser\u00e1 encaminhado para o Instituto de Medicina Legal (IML).<\/span><\/p>\n<p style=\"text-align: justify;\">Este foi o\u00a0<strong>11\u00ba<\/strong>\u00a0homic\u00eddio do m\u00eas de junho em Caruaru. Este ano j\u00e1 mataram no munic\u00edpio\u00a0<strong>56<\/strong>\u00a0pessoas.<\/p>\n\n\n<figure class=\"wp-block-image size-large\"><img loading=\"lazy\" decoding=\"async\" width=\"371\" height=\"373\" src=\"https:\/\/blogdoedvaldomagalhaes.com.br\/wp-content\/uploads\/2021\/06\/Screenshot_20210627-2031372.png\" alt=\"\" class=\"wp-image-71432\" srcset=\"https:\/\/blogdoedvaldomagalhaes.com.br\/wp-content\/uploads\/2021\/06\/Screenshot_20210627-2031372.png 371w, https:\/\/blogdoedvaldomagalhaes.com.br\/wp-content\/uploads\/2021\/06\/Screenshot_20210627-2031372-298x300.png 298w, https:\/\/blogdoedvaldomagalhaes.com.br\/wp-content\/uploads\/2021\/06\/Screenshot_20210627-2031372-150x150.png 150w\" sizes=\"auto, (max-width: 371px) 100vw, 371px\" \/><figcaption>V\u00edtima<\/figcaption><\/figure>\n\n\n\n<figure class=\"wp-block-image size-large\"><img loading=\"lazy\" decoding=\"async\" width=\"1024\" height=\"582\" src=\"https:\/\/blogdoedvaldomagalhaes.com.br\/wp-content\/uploads\/2021\/06\/Screenshot_20210627-2032092-1024x582.png\" alt=\"\" class=\"wp-image-71436\" srcset=\"https:\/\/blogdoedvaldomagalhaes.com.br\/wp-content\/uploads\/2021\/06\/Screenshot_20210627-2032092-1024x582.png 1024w, https:\/\/blogdoedvaldomagalhaes.com.br\/wp-content\/uploads\/2021\/06\/Screenshot_20210627-2032092-300x171.png 300w, https:\/\/blogdoedvaldomagalhaes.com.br\/wp-content\/uploads\/2021\/06\/Screenshot_20210627-2032092-768x437.png 768w, https:\/\/blogdoedvaldomagalhaes.com.br\/wp-content\/uploads\/2021\/06\/Screenshot_20210627-2032092.png 1080w\" sizes=\"auto, (max-width: 1024px) 100vw, 1024px\" \/><figcaption>A v\u00edtima morava no conhecido Beco de Z\u00e9 Preto<\/figcaption><\/figure>\n","protected":false},"excerpt":{"rendered":"<p>Homic\u00eddio registrado na noite deste domingo (27), na terceira travessa Lima Chaves, no bairro Cidade Alta, em Caruaru. Marc\u00edlio Jos\u00e9&hellip;<\/p>\n","protected":false},"author":1,"featured_media":71429,"comment_status":"open","ping_status":"open","sticky":false,"template":"","format":"standard","meta":{"footnotes":""},"categories":[14121],"tags":[2,19532,22034,5448,1950],"class_list":["post-71428","post","type-post","status-publish","format-standard","has-post-thumbnail","hentry","category-policial","tag-blog-do-edvaldo-magalhaes","tag-blog-mais-acessado-e-visualizado-de-caruaru-e-regiao","tag-homem-e-morto-dentro-da-propria-casa-em-caruaru-neste-domingo-27","tag-homicidio","tag-noticias-de-caruaru"],"_links":{"self":[{"href":"https:\/\/blogdoedvaldomagalhaes.com.br\/index.php\/wp-json\/wp\/v2\/posts\/71428","targetHints":{"allow":["GET"]}}],"collection":[{"href":"https:\/\/blogdoedvaldomagalhaes.com.br\/index.php\/wp-json\/wp\/v2\/posts"}],"about":[{"href":"https:\/\/blogdoedvaldomagalhaes.com.br\/index.php\/wp-json\/wp\/v2\/types\/post"}],"author":[{"embeddable":true,"href":"https:\/\/blogdoedvaldomagalhaes.com.br\/index.php\/wp-json\/wp\/v2\/users\/1"}],"replies":[{"embeddable":true,"href":"https:\/\/blogdoedvaldomagalhaes.com.br\/index.php\/wp-json\/wp\/v2\/comments?post=71428"}],"version-history":[{"count":5,"href":"https:\/\/blogdoedvaldomagalhaes.com.br\/index.php\/wp-json\/wp\/v2\/posts\/71428\/revisions"}],"predecessor-version":[{"id":71439,"href":"https:\/\/blogdoedvaldomagalhaes.com.br\/index.php\/wp-json\/wp\/v2\/posts\/71428\/revisions\/71439"}],"wp:featuredmedia":[{"embeddable":true,"href":"https:\/\/blogdoedvaldomagalhaes.com.br\/index.php\/wp-json\/wp\/v2\/media\/71429"}],"wp:attachment":[{"href":"https:\/\/blogdoedvaldomagalhaes.com.br\/index.php\/wp-json\/wp\/v2\/media?parent=71428"}],"wp:term":[{"taxonomy":"category","embeddable":true,"href":"https:\/\/blogdoedvaldomagalhaes.com.br\/index.php\/wp-json\/wp\/v2\/categories?post=71428"},{"taxonomy":"post_tag","embeddable":true,"href":"https:\/\/blogdoedvaldomagalhaes.com.br\/index.php\/wp-json\/wp\/v2\/tags?post=71428"}],"curies":[{"name":"wp","href":"https:\/\/api.w.org\/{rel}","templated":true}]}}