{"id":7123,"date":"2017-01-09T15:15:00","date_gmt":"2017-01-09T17:15:00","guid":{"rendered":"http:\/\/blogdoedvaldomagalhaes.com.br\/index.php\/2017\/01\/09\/procon-caruaru-tem-novo-coordenador\/"},"modified":"2019-02-09T01:13:08","modified_gmt":"2019-02-09T03:13:08","slug":"procon-caruaru-tem-novo-coordenador","status":"publish","type":"post","link":"https:\/\/blogdoedvaldomagalhaes.com.br\/index.php\/2017\/01\/09\/procon-caruaru-tem-novo-coordenador\/","title":{"rendered":"Procon Caruaru tem novo coordenador"},"content":{"rendered":"<div class=\"separator\" style=\"clear: both; text-align: center;\">\n<a href=\"https:\/\/3.bp.blogspot.com\/-Py9qXkRPAEc\/WHOs01dLC7I\/AAAAAAAANKI\/HF8bFWXJ0pwcz5ACFgKXLPbQXGnoYjdGACLcB\/s1600\/20170109_113518.jpg\" imageanchor=\"1\" style=\"margin-left: 1em; margin-right: 1em;\"><img loading=\"lazy\" decoding=\"async\" border=\"0\" height=\"400\" src=\"http:\/\/blogdoedvaldomagalhaes.com.br\/wp-content\/uploads\/2017\/01\/20170109_113518.jpg\" width=\"225\" \/><\/a><\/div>\n<p><\/p>\n<div style=\"text-align: justify;\">\nComo o Blog do Edvaldo Magalh\u00e3es deu um furo de reportagem na \u00faltima sexta-feira (6), divulgando que Adenildo Batista foi exonerado do cargo de coordenador, ap\u00f3s 10 anos no \u00f3rg\u00e3o municipal, trazemos agora mais um furo de reportagem, no final da manh\u00e3 desta segunda-feira (9) tomou posse Nyverson Ferreira Moura, que \u00e9 caruaruense, advogado e professor universit\u00e1rio,&nbsp;especializado em Direito P\u00fablico pela Faculdade Asces.<\/div>\n","protected":false},"excerpt":{"rendered":"<p>Como o Blog do Edvaldo Magalh\u00e3es deu um furo de reportagem na \u00faltima sexta-feira (6), divulgando que Adenildo Batista foi&hellip;<\/p>\n","protected":false},"author":1,"featured_media":0,"comment_status":"open","ping_status":"open","sticky":false,"template":"","format":"standard","meta":{"footnotes":""},"categories":[1],"tags":[9852,2,6,8551,9853],"class_list":["post-7123","post","type-post","status-publish","format-standard","hentry","category-sem-categoria","tag-adenildo-batista","tag-blog-do-edvaldo-magalhaes","tag-noticias","tag-nyverson-ferreira-moura","tag-procon-caruaru-tem-novo-coordenador"],"_links":{"self":[{"href":"https:\/\/blogdoedvaldomagalhaes.com.br\/index.php\/wp-json\/wp\/v2\/posts\/7123","targetHints":{"allow":["GET"]}}],"collection":[{"href":"https:\/\/blogdoedvaldomagalhaes.com.br\/index.php\/wp-json\/wp\/v2\/posts"}],"about":[{"href":"https:\/\/blogdoedvaldomagalhaes.com.br\/index.php\/wp-json\/wp\/v2\/types\/post"}],"author":[{"embeddable":true,"href":"https:\/\/blogdoedvaldomagalhaes.com.br\/index.php\/wp-json\/wp\/v2\/users\/1"}],"replies":[{"embeddable":true,"href":"https:\/\/blogdoedvaldomagalhaes.com.br\/index.php\/wp-json\/wp\/v2\/comments?post=7123"}],"version-history":[{"count":1,"href":"https:\/\/blogdoedvaldomagalhaes.com.br\/index.php\/wp-json\/wp\/v2\/posts\/7123\/revisions"}],"predecessor-version":[{"id":15838,"href":"https:\/\/blogdoedvaldomagalhaes.com.br\/index.php\/wp-json\/wp\/v2\/posts\/7123\/revisions\/15838"}],"wp:attachment":[{"href":"https:\/\/blogdoedvaldomagalhaes.com.br\/index.php\/wp-json\/wp\/v2\/media?parent=7123"}],"wp:term":[{"taxonomy":"category","embeddable":true,"href":"https:\/\/blogdoedvaldomagalhaes.com.br\/index.php\/wp-json\/wp\/v2\/categories?post=7123"},{"taxonomy":"post_tag","embeddable":true,"href":"https:\/\/blogdoedvaldomagalhaes.com.br\/index.php\/wp-json\/wp\/v2\/tags?post=7123"}],"curies":[{"name":"wp","href":"https:\/\/api.w.org\/{rel}","templated":true}]}}