{"id":7122,"date":"2017-01-09T15:22:00","date_gmt":"2017-01-09T17:22:00","guid":{"rendered":"http:\/\/blogdoedvaldomagalhaes.com.br\/index.php\/2017\/01\/09\/louise-caroline-assume-assessoria-no\/"},"modified":"2019-02-09T01:13:09","modified_gmt":"2019-02-09T03:13:09","slug":"louise-caroline-assume-assessoria-no","status":"publish","type":"post","link":"https:\/\/blogdoedvaldomagalhaes.com.br\/index.php\/2017\/01\/09\/louise-caroline-assume-assessoria-no\/","title":{"rendered":"Louise Caroline assume assessoria no mandato do vereador Daniel Finizola"},"content":{"rendered":"<div dir=\"ltr\" style=\"background-color: white; line-height: 1.38; margin-bottom: 0pt; margin-top: 0pt; text-align: justify;\">\n<div class=\"separator\" style=\"clear: both; text-align: center;\">\n<a href=\"https:\/\/3.bp.blogspot.com\/-KfsMgvPlStM\/WHOuCxSfVgI\/AAAAAAAANKU\/jac_gwuPtNMoytavsWU1dkeEUPec6ha0wCLcB\/s1600\/louise.jpg\" imageanchor=\"1\" style=\"margin-left: 1em; margin-right: 1em;\"><img loading=\"lazy\" decoding=\"async\" border=\"0\" height=\"337\" src=\"http:\/\/blogdoedvaldomagalhaes.com.br\/wp-content\/uploads\/2017\/01\/louise.jpg\" width=\"400\" \/><\/a><\/div>\n<p><\/div>\n<div dir=\"ltr\" style=\"background-color: white; line-height: 1.38; margin-bottom: 0pt; margin-top: 0pt; text-align: justify;\">\nO vereador Daniel Finizola (PT), definiu os assessores que v\u00e3o lhe ajudar no primeiro mandato na Casa Jornalista Jos\u00e9 Carlos Flor\u00eancio. &#8220;Essas s\u00e3o as pessoas que construir\u00e3o o mandato, no planejamento e execu\u00e7\u00e3o de pautas que contribuir\u00e3o com a transforma\u00e7\u00e3o de Caruaru em uma cidade cada dia mais justa e igualit\u00e1ria para todos e todas. Essa equipe trabalhar\u00e1 em conjunto com diversos segmentos e movimentos, que far\u00e3o do nosso mandato um espa\u00e7o onde todas as vozes ser\u00e3o ouvidas. \u00c9 importante dizer que cada pessoa que apoia e milita por este projeto \u00e9 parte desta constru\u00e7\u00e3o&#8221; afirmou Daniel Finizola.<\/div>\n<div style=\"text-align: justify;\">\n<br style=\"background-color: white;\" \/><\/div>\n<div dir=\"ltr\" style=\"background-color: white; line-height: 1.38; margin-bottom: 0pt; margin-top: 0pt; text-align: justify;\">\n<b>Apresenta\u00e7\u00e3o:<\/b><\/div>\n<div style=\"text-align: justify;\">\n<br style=\"background-color: white;\" \/><\/div>\n<div dir=\"ltr\" style=\"background-color: white; line-height: 1.38; margin-bottom: 0pt; margin-top: 0pt; text-align: justify;\">\n<b>Am\u00e9rico Rodrigo,<\/b> 29 anos, &nbsp;foi Coordenador do Gabinete Digital na Secretaria de Participa\u00e7\u00e3o Social e Coordenador de Rela\u00e7\u00e3o com os Conselhos do Munic\u00edpio pela Prefeitura de Caruaru. \u00c9 membro do Diret\u00f3rio Municipal do PT. No Mandato Finizola, ser\u00e1 Assessor Direto, respons\u00e1vel pela constru\u00e7\u00e3o e execu\u00e7\u00e3o de agendas internas e externas. <\/div>\n<div style=\"text-align: justify;\">\n<br style=\"background-color: white;\" \/><\/div>\n<div dir=\"ltr\" style=\"background-color: white; line-height: 1.38; margin-bottom: 0pt; margin-top: 0pt; text-align: justify;\">\n<b>Louise Caroline,<\/b> 33 anos, &nbsp;\u00e9 Cientista Pol\u00edtica, professora e feminista. Foi Secret\u00e1ria Especial da Mulher e Secret\u00e1ria de Participa\u00e7\u00e3o Social da Prefeitura de Caruaru. Atualmente \u00e9 membro do Diret\u00f3rio Nacional do PT. Disputou as \u00faltimas elei\u00e7\u00f5es municipais como candidata a vice-prefeita. No Mandato Finizola, ser\u00e1 Assessora de Rela\u00e7\u00f5es Sociais, incumbida de organizar o Conselho do Mandato e a rela\u00e7\u00e3o com as Universidades de Caruaru.<\/div>\n<div style=\"text-align: justify;\">\n<br style=\"background-color: white;\" \/><\/div>\n<div dir=\"ltr\" style=\"background-color: white; line-height: 1.38; margin-bottom: 0pt; margin-top: 0pt; text-align: justify;\">\n<b>Amanda Samara,<\/b> 28 anos, \u00e9 Comunicadora Social, com habilita\u00e7\u00e3o em Jornalismo, e Psic\u00f3loga em forma\u00e7\u00e3o. Foi Chefe de Gabinete, &nbsp;Diretora de Enfrentamento \u00e0 Viol\u00eancia Contra as Mulheres e Gerente da Mulher &nbsp;na Secretaria Especial da Mulher e de Direitos Humanos de Caruaru. No Mandato Finizola, ser\u00e1 Chefe de Gabinete, cuidando da organiza\u00e7\u00e3o interna. Acumular\u00e1 tarefas de comunica\u00e7\u00e3o externa, como a assessoria de imprensa, com a colabora\u00e7\u00e3o de B\u00e1rbara Concei\u00e7\u00e3o, fot\u00f3grafa e estudante de Comunica\u00e7\u00e3o Social, com habilita\u00e7\u00e3o em m\u00eddias digitais e produ\u00e7\u00e3o cultural, na UFPE.<\/div>\n<div style=\"text-align: justify;\">\n<br style=\"background-color: white;\" \/><\/div>\n<div dir=\"ltr\" style=\"background-color: white; line-height: 1.38; margin-bottom: 0pt; margin-top: 0pt; text-align: justify;\">\n<b>Leo Bulh\u00f5es,<\/b> 41 anos, cursou ci\u00eancias sociais na UFPE. Foi Gerente de Projetos na Secretaria de Desenvolvimento Econ\u00f4mico da Prefeitura de Recife, &nbsp;Assessor na Diretoria de Forma\u00e7\u00e3o Cultural da Secretaria de Cultura do Governo de Pernambuco e Assessor Parlamentar na C\u00e2mara do Recife. Recentemente atuou enquanto Secret\u00e1rio Municipal de Participa\u00e7\u00e3o Social. \u00c9 fundador da Particity. No Mandato Finizola, ser\u00e1 Assessor de Rela\u00e7\u00f5es Pol\u00edticas, cuidando da interlocu\u00e7\u00e3o entre agentes pol\u00edticos e partidos com o mandato e do di\u00e1logo com os poderes executivos estadual e municipal.<\/div>\n<div style=\"text-align: justify;\">\n<br style=\"background-color: white;\" \/><\/div>\n<div dir=\"ltr\" style=\"background-color: white; line-height: 1.38; margin-bottom: 0pt; margin-top: 0pt; text-align: justify;\">\nAl\u00e9m das assessorias, o Mandato Finizola contar\u00e1 com um Conselho que ter\u00e1 a participa\u00e7\u00e3o de diversos movimentos sociais, ligados a v\u00e1rios segmentos na cidade. O nosso objetivo \u00e9 dar continuidade ao trabalho que j\u00e1 vem sendo desenvolvido desde a campanha, ouvindo as pessoas e suas demandas.<\/div>\n","protected":false},"excerpt":{"rendered":"<p>O vereador Daniel Finizola (PT), definiu os assessores que v\u00e3o lhe ajudar no primeiro mandato na Casa Jornalista Jos\u00e9 Carlos&hellip;<\/p>\n","protected":false},"author":1,"featured_media":0,"comment_status":"open","ping_status":"open","sticky":false,"template":"","format":"standard","meta":{"footnotes":""},"categories":[1],"tags":[9848,9849,2,9850,9851,20],"class_list":["post-7122","post","type-post","status-publish","format-standard","hentry","category-sem-categoria","tag-amanda-samara","tag-americo-rodrigo","tag-blog-do-edvaldo-magalhaes","tag-leo-bulhoes","tag-louise-caroline-assume-assessoria-no-mandato-do-vereador-daniel-finizola","tag-politica"],"_links":{"self":[{"href":"https:\/\/blogdoedvaldomagalhaes.com.br\/index.php\/wp-json\/wp\/v2\/posts\/7122","targetHints":{"allow":["GET"]}}],"collection":[{"href":"https:\/\/blogdoedvaldomagalhaes.com.br\/index.php\/wp-json\/wp\/v2\/posts"}],"about":[{"href":"https:\/\/blogdoedvaldomagalhaes.com.br\/index.php\/wp-json\/wp\/v2\/types\/post"}],"author":[{"embeddable":true,"href":"https:\/\/blogdoedvaldomagalhaes.com.br\/index.php\/wp-json\/wp\/v2\/users\/1"}],"replies":[{"embeddable":true,"href":"https:\/\/blogdoedvaldomagalhaes.com.br\/index.php\/wp-json\/wp\/v2\/comments?post=7122"}],"version-history":[{"count":1,"href":"https:\/\/blogdoedvaldomagalhaes.com.br\/index.php\/wp-json\/wp\/v2\/posts\/7122\/revisions"}],"predecessor-version":[{"id":15840,"href":"https:\/\/blogdoedvaldomagalhaes.com.br\/index.php\/wp-json\/wp\/v2\/posts\/7122\/revisions\/15840"}],"wp:attachment":[{"href":"https:\/\/blogdoedvaldomagalhaes.com.br\/index.php\/wp-json\/wp\/v2\/media?parent=7122"}],"wp:term":[{"taxonomy":"category","embeddable":true,"href":"https:\/\/blogdoedvaldomagalhaes.com.br\/index.php\/wp-json\/wp\/v2\/categories?post=7122"},{"taxonomy":"post_tag","embeddable":true,"href":"https:\/\/blogdoedvaldomagalhaes.com.br\/index.php\/wp-json\/wp\/v2\/tags?post=7122"}],"curies":[{"name":"wp","href":"https:\/\/api.w.org\/{rel}","templated":true}]}}