{"id":7120,"date":"2017-01-09T20:11:00","date_gmt":"2017-01-09T22:11:00","guid":{"rendered":"http:\/\/blogdoedvaldomagalhaes.com.br\/index.php\/2017\/01\/09\/nova-diretoria-da-associacao-da-boa\/"},"modified":"2019-02-09T01:13:10","modified_gmt":"2019-02-09T03:13:10","slug":"nova-diretoria-da-associacao-da-boa","status":"publish","type":"post","link":"https:\/\/blogdoedvaldomagalhaes.com.br\/index.php\/2017\/01\/09\/nova-diretoria-da-associacao-da-boa\/","title":{"rendered":"Nova diretoria da Associa\u00e7\u00e3o da Boa Vista ter\u00e1 quatros anos"},"content":{"rendered":"<div class=\"separator\" style=\"clear: both; text-align: center;\">\n<a href=\"https:\/\/2.bp.blogspot.com\/-7GByLcfC36o\/WHPtcemgydI\/AAAAAAAANLM\/tqEmwLxE2Ns5Wej3DjbIYsMLrunbAiRGgCLcB\/s1600\/jorge.jpg\" imageanchor=\"1\" style=\"margin-left: 1em; margin-right: 1em;\"><img loading=\"lazy\" decoding=\"async\" border=\"0\" height=\"400\" src=\"http:\/\/blogdoedvaldomagalhaes.com.br\/wp-content\/uploads\/2017\/01\/jorge.jpg\" width=\"343\" \/><\/a><\/div>\n<div class=\"separator\" style=\"clear: both; text-align: center;\">\nFoto: Jorge Casagrande Anderson Luiz<\/div>\n<div class=\"separator\" style=\"clear: both; text-align: center;\">\n<\/div>\n<div class=\"separator\" style=\"clear: both; text-align: justify;\">\nUma \u00fanica chapa foi inscrita para a elei\u00e7\u00e3o da Associa\u00e7\u00e3o dos Moradores do Conjunto Residencial Boa Vista, realizada na \u00faltima sexta-feira (6), sendo eleito presidente Anderson Luiz, que vai substituir Jorge Casagrande, que passou oitos anos como presidente em duas gest\u00f5es. A posse est\u00e1 marcada para o pr\u00f3ximo dia 19, a partir das 20h na sede na associa\u00e7\u00e3o, na avenida Caruaru.<\/div>\n<div class=\"MsoNormal\" style=\"text-align: justify;\">\n<\/div>\n","protected":false},"excerpt":{"rendered":"<p>Foto: Jorge Casagrande Anderson Luiz Uma \u00fanica chapa foi inscrita para a elei\u00e7\u00e3o da Associa\u00e7\u00e3o dos Moradores do Conjunto Residencial&hellip;<\/p>\n","protected":false},"author":1,"featured_media":0,"comment_status":"open","ping_status":"open","sticky":false,"template":"","format":"standard","meta":{"footnotes":""},"categories":[1],"tags":[7679,1304,2,9845,6,9846],"class_list":["post-7120","post","type-post","status-publish","format-standard","hentry","category-sem-categoria","tag-anderson-luiz","tag-avenida-caruaru","tag-blog-do-edvaldo-magalhaes","tag-jorge-casagrande","tag-noticias","tag-nova-diretoria-da-associacao-da-boa-vista-tera-quatros-anos"],"_links":{"self":[{"href":"https:\/\/blogdoedvaldomagalhaes.com.br\/index.php\/wp-json\/wp\/v2\/posts\/7120","targetHints":{"allow":["GET"]}}],"collection":[{"href":"https:\/\/blogdoedvaldomagalhaes.com.br\/index.php\/wp-json\/wp\/v2\/posts"}],"about":[{"href":"https:\/\/blogdoedvaldomagalhaes.com.br\/index.php\/wp-json\/wp\/v2\/types\/post"}],"author":[{"embeddable":true,"href":"https:\/\/blogdoedvaldomagalhaes.com.br\/index.php\/wp-json\/wp\/v2\/users\/1"}],"replies":[{"embeddable":true,"href":"https:\/\/blogdoedvaldomagalhaes.com.br\/index.php\/wp-json\/wp\/v2\/comments?post=7120"}],"version-history":[{"count":1,"href":"https:\/\/blogdoedvaldomagalhaes.com.br\/index.php\/wp-json\/wp\/v2\/posts\/7120\/revisions"}],"predecessor-version":[{"id":15846,"href":"https:\/\/blogdoedvaldomagalhaes.com.br\/index.php\/wp-json\/wp\/v2\/posts\/7120\/revisions\/15846"}],"wp:attachment":[{"href":"https:\/\/blogdoedvaldomagalhaes.com.br\/index.php\/wp-json\/wp\/v2\/media?parent=7120"}],"wp:term":[{"taxonomy":"category","embeddable":true,"href":"https:\/\/blogdoedvaldomagalhaes.com.br\/index.php\/wp-json\/wp\/v2\/categories?post=7120"},{"taxonomy":"post_tag","embeddable":true,"href":"https:\/\/blogdoedvaldomagalhaes.com.br\/index.php\/wp-json\/wp\/v2\/tags?post=7120"}],"curies":[{"name":"wp","href":"https:\/\/api.w.org\/{rel}","templated":true}]}}