{"id":712,"date":"2018-11-14T10:30:00","date_gmt":"2018-11-14T12:30:00","guid":{"rendered":"http:\/\/blogdoedvaldomagalhaes.com.br\/index.php\/2018\/11\/14\/homem-baleado-ha-uma-semana-no-bairro\/"},"modified":"2019-02-09T02:39:40","modified_gmt":"2019-02-09T04:39:40","slug":"homem-baleado-ha-uma-semana-no-bairro","status":"publish","type":"post","link":"https:\/\/blogdoedvaldomagalhaes.com.br\/index.php\/2018\/11\/14\/homem-baleado-ha-uma-semana-no-bairro\/","title":{"rendered":"Homem baleado h\u00e1 uma semana no bairro do Salgado morre no HRA"},"content":{"rendered":"<div class=\"separator\" style=\"clear: both; text-align: center;\">\n<a href=\"https:\/\/4.bp.blogspot.com\/-CinO4W9ZQ7I\/W-v5LxGYe7I\/AAAAAAAA9kk\/eM98JsdqFkYJxtbevEECD2bH1igdtX54QCLcBGAs\/s1600\/hra.jpg\" imageanchor=\"1\" style=\"margin-left: 1em; margin-right: 1em;\"><img loading=\"lazy\" decoding=\"async\" border=\"0\" data-original-height=\"225\" data-original-width=\"500\" height=\"288\" src=\"http:\/\/blogdoedvaldomagalhaes.com.br\/wp-content\/uploads\/2018\/11\/hra.jpg\" width=\"640\" \/><\/a><\/div>\n<div class=\"separator\" style=\"clear: both; text-align: center;\">\nFoto: Iza\u00edas Rodrigues\/R\u00e1dio Liberdade<\/div>\n<div style=\"background-color: white; box-sizing: border-box; line-height: 24px; margin-bottom: 10px; text-align: justify;\">\n<\/div>\n<div style=\"background-color: white; box-sizing: border-box; line-height: 24px; margin-bottom: 10px; text-align: justify;\">\nMorreu no Hospital Regional do Agreste (HRA), em Caruaru, Bruno Rafael Paz de Souza, 25 anos, que havia sido&nbsp;<a href=\"http:\/\/liberdade.com.br\/homem-sofre-tentativa-de-homicidio-em-caruaru-e-corpo-de-trabalhador-rural-e-encontrado-dentro-de-cova-em-brejo-da-madre-de-deus\/\" style=\"background-color: transparent; box-sizing: border-box; text-decoration-line: none; transition: all 0.3s ease 0s;\">baleado na quarta-feira (07), na rua Amilson Afonso, bairro do Salgado<\/a>. Ele era natural de Catende, na Zona da Mata Sul de Pernambuco, e foi atingido com tr\u00eas tiros dentro de casa. Um suspeito do crime est\u00e1 sendo procurado pela pol\u00edcia.<\/div>\n<div style=\"background-color: white; box-sizing: border-box; line-height: 24px; margin-bottom: 10px; text-align: justify;\">\nCom esta morte, sobe para seis o n\u00famero de homic\u00eddios no m\u00eas de novembro em Caruaru e para 146 em 2018.<\/div>\n<div style=\"background-color: white; box-sizing: border-box; line-height: 24px; margin-bottom: 10px; text-align: justify;\">\nFonte: R\u00e1dio Liberdade.<\/div>\n","protected":false},"excerpt":{"rendered":"<p>Foto: Iza\u00edas Rodrigues\/R\u00e1dio Liberdade Morreu no Hospital Regional do Agreste (HRA), em Caruaru, Bruno Rafael Paz de Souza, 25 anos,&hellip;<\/p>\n","protected":false},"author":1,"featured_media":0,"comment_status":"open","ping_status":"open","sticky":false,"template":"","format":"standard","meta":{"footnotes":""},"categories":[1],"tags":[2,651,13],"class_list":["post-712","post","type-post","status-publish","format-standard","hentry","category-sem-categoria","tag-blog-do-edvaldo-magalhaes","tag-homem-baleado-ha-uma-semana-no-bairro-do-salgado-morre-no-hra","tag-policial"],"_links":{"self":[{"href":"https:\/\/blogdoedvaldomagalhaes.com.br\/index.php\/wp-json\/wp\/v2\/posts\/712","targetHints":{"allow":["GET"]}}],"collection":[{"href":"https:\/\/blogdoedvaldomagalhaes.com.br\/index.php\/wp-json\/wp\/v2\/posts"}],"about":[{"href":"https:\/\/blogdoedvaldomagalhaes.com.br\/index.php\/wp-json\/wp\/v2\/types\/post"}],"author":[{"embeddable":true,"href":"https:\/\/blogdoedvaldomagalhaes.com.br\/index.php\/wp-json\/wp\/v2\/users\/1"}],"replies":[{"embeddable":true,"href":"https:\/\/blogdoedvaldomagalhaes.com.br\/index.php\/wp-json\/wp\/v2\/comments?post=712"}],"version-history":[{"count":1,"href":"https:\/\/blogdoedvaldomagalhaes.com.br\/index.php\/wp-json\/wp\/v2\/posts\/712\/revisions"}],"predecessor-version":[{"id":35830,"href":"https:\/\/blogdoedvaldomagalhaes.com.br\/index.php\/wp-json\/wp\/v2\/posts\/712\/revisions\/35830"}],"wp:attachment":[{"href":"https:\/\/blogdoedvaldomagalhaes.com.br\/index.php\/wp-json\/wp\/v2\/media?parent=712"}],"wp:term":[{"taxonomy":"category","embeddable":true,"href":"https:\/\/blogdoedvaldomagalhaes.com.br\/index.php\/wp-json\/wp\/v2\/categories?post=712"},{"taxonomy":"post_tag","embeddable":true,"href":"https:\/\/blogdoedvaldomagalhaes.com.br\/index.php\/wp-json\/wp\/v2\/tags?post=712"}],"curies":[{"name":"wp","href":"https:\/\/api.w.org\/{rel}","templated":true}]}}