{"id":7119,"date":"2017-01-09T23:05:00","date_gmt":"2017-01-10T01:05:00","guid":{"rendered":"http:\/\/blogdoedvaldomagalhaes.com.br\/index.php\/2017\/01\/09\/apae-caruaru-em-parceria-com-mmartan-2\/"},"modified":"2019-02-09T01:13:10","modified_gmt":"2019-02-09T03:13:10","slug":"apae-caruaru-em-parceria-com-mmartan-2","status":"publish","type":"post","link":"https:\/\/blogdoedvaldomagalhaes.com.br\/index.php\/2017\/01\/09\/apae-caruaru-em-parceria-com-mmartan-2\/","title":{"rendered":"Apae Caruaru em parceria com MMartan realiza bazar solid\u00e1rio"},"content":{"rendered":"<div class=\"separator\" style=\"clear: both; text-align: center;\">\n<a href=\"https:\/\/4.bp.blogspot.com\/-DdmfAsktBpg\/WHQW1mgVvhI\/AAAAAAAANLc\/IwGAXHCSMMc4CAE7Tfqw5n8l7cW24ORDQCLcB\/s1600\/apae.jpg\" imageanchor=\"1\" style=\"margin-left: 1em; margin-right: 1em;\"><img loading=\"lazy\" decoding=\"async\" border=\"0\" height=\"400\" src=\"http:\/\/blogdoedvaldomagalhaes.com.br\/wp-content\/uploads\/2017\/01\/apae.jpg\" width=\"277\" \/><\/a><\/div>\n<div align=\"center\" class=\"MsoNormal\" style=\"background-color: white; font-family: Calibri, Arial, Helvetica, sans-serif; font-size: 16px; text-align: center;\">\n<\/div>\n<div class=\"MsoNormal\" style=\"background-color: white; text-align: justify;\">\nA Apae Caruaru promove em parceria com uma das maiores empresas de cama, mesa e banho do Brasil, a MMartan, um bazar solid\u00e1rio, os produtos estar\u00e3o com at\u00e9 50% de desconto e parte da renda ser\u00e1 revertida para a Apae de Caruaru.<u><\/u><u><\/u><\/div>\n<div class=\"MsoNormal\" style=\"background-color: white; text-align: justify;\">\n<\/div>\n<div class=\"MsoNormal\" style=\"background-color: white; text-align: justify;\">\nO bazar ser\u00e1 realizado de 12 a 15 de janeiro de 2016, das 09 \u00e0s 18 horas, no sal\u00e3o paroquial da Igreja de S\u00e3o Pedro, na praia de Tamandar\u00e9.<u><\/u><u><\/u><\/div>\n<div class=\"MsoNormal\" style=\"background-color: white; text-align: justify;\">\n<\/div>\n<div class=\"MsoNormal\" style=\"background-color: white; text-align: justify;\">\nMMartan \u2013 Empresa com 32 anos no mercado,&nbsp;a MMARTAN \u00e9 a maior varejista de cama, mesa e banho do pa\u00eds, possui mais de 175 lojas em 25 estados brasileiros.&nbsp;<\/div>\n","protected":false},"excerpt":{"rendered":"<p>A Apae Caruaru promove em parceria com uma das maiores empresas de cama, mesa e banho do Brasil, a MMartan,&hellip;<\/p>\n","protected":false},"author":1,"featured_media":0,"comment_status":"open","ping_status":"open","sticky":false,"template":"","format":"standard","meta":{"footnotes":""},"categories":[1],"tags":[8521,2,6],"class_list":["post-7119","post","type-post","status-publish","format-standard","hentry","category-sem-categoria","tag-apae-caruaru-em-parceria-com-mmartan-realiza-bazar-solidario","tag-blog-do-edvaldo-magalhaes","tag-noticias"],"_links":{"self":[{"href":"https:\/\/blogdoedvaldomagalhaes.com.br\/index.php\/wp-json\/wp\/v2\/posts\/7119","targetHints":{"allow":["GET"]}}],"collection":[{"href":"https:\/\/blogdoedvaldomagalhaes.com.br\/index.php\/wp-json\/wp\/v2\/posts"}],"about":[{"href":"https:\/\/blogdoedvaldomagalhaes.com.br\/index.php\/wp-json\/wp\/v2\/types\/post"}],"author":[{"embeddable":true,"href":"https:\/\/blogdoedvaldomagalhaes.com.br\/index.php\/wp-json\/wp\/v2\/users\/1"}],"replies":[{"embeddable":true,"href":"https:\/\/blogdoedvaldomagalhaes.com.br\/index.php\/wp-json\/wp\/v2\/comments?post=7119"}],"version-history":[{"count":1,"href":"https:\/\/blogdoedvaldomagalhaes.com.br\/index.php\/wp-json\/wp\/v2\/posts\/7119\/revisions"}],"predecessor-version":[{"id":15848,"href":"https:\/\/blogdoedvaldomagalhaes.com.br\/index.php\/wp-json\/wp\/v2\/posts\/7119\/revisions\/15848"}],"wp:attachment":[{"href":"https:\/\/blogdoedvaldomagalhaes.com.br\/index.php\/wp-json\/wp\/v2\/media?parent=7119"}],"wp:term":[{"taxonomy":"category","embeddable":true,"href":"https:\/\/blogdoedvaldomagalhaes.com.br\/index.php\/wp-json\/wp\/v2\/categories?post=7119"},{"taxonomy":"post_tag","embeddable":true,"href":"https:\/\/blogdoedvaldomagalhaes.com.br\/index.php\/wp-json\/wp\/v2\/tags?post=7119"}],"curies":[{"name":"wp","href":"https:\/\/api.w.org\/{rel}","templated":true}]}}