{"id":7111,"date":"2017-01-10T17:14:00","date_gmt":"2017-01-10T19:14:00","guid":{"rendered":"http:\/\/blogdoedvaldomagalhaes.com.br\/index.php\/2017\/01\/10\/saiba-como-foi-o-encontro-entre-o\/"},"modified":"2019-02-09T01:13:14","modified_gmt":"2019-02-09T03:13:14","slug":"saiba-como-foi-o-encontro-entre-o","status":"publish","type":"post","link":"https:\/\/blogdoedvaldomagalhaes.com.br\/index.php\/2017\/01\/10\/saiba-como-foi-o-encontro-entre-o\/","title":{"rendered":"Saiba como foi o encontro entre o Sismuc Regional e o Secret\u00e1rio Municipal  de Educa\u00e7\u00e3o"},"content":{"rendered":"<div class=\"separator\" style=\"clear: both; text-align: center;\">\n<a href=\"https:\/\/2.bp.blogspot.com\/-qAePZjJ5Mao\/WHUTZ04NInI\/AAAAAAAANNY\/VR68RC8MRGMovS5FAgMcpNbBzpSCqVKuACLcB\/s1600\/sismuc.jpg\" imageanchor=\"1\" style=\"margin-left: 1em; margin-right: 1em;\"><img loading=\"lazy\" decoding=\"async\" border=\"0\" height=\"221\" src=\"http:\/\/blogdoedvaldomagalhaes.com.br\/wp-content\/uploads\/2017\/01\/sismuc.jpg\" width=\"400\" \/><\/a><\/div>\n<p><\/p>\n<div style=\"text-align: justify;\">\n<div style=\"background-color: white; border: 0px; margin-bottom: 1.5em; outline: 0px; padding: 0px; text-align: justify; vertical-align: baseline;\">\nNa manh\u00e3 desta ter\u00e7a-feira (10), ocorreu a primeira reuni\u00e3o entre diretores do SISMUC Regional e o novo Secret\u00e1rio de Educa\u00e7\u00e3o de Caruaru, Rubenildo Moura, foi um encontro amistoso, pois foi o primeiro contato entre as partes, em um tom bastante cordial e de boas vindas. Na ocasi\u00e3o, foram apresentados pontos que foram motivos de muita discuss\u00e3o e dor de cabe\u00e7a durante a gest\u00e3o passada, a exemplo do famigerado PCC da categoria.<\/div>\n<\/div>\n<div class=\"separator\" style=\"clear: both; text-align: center;\">\n<a href=\"https:\/\/3.bp.blogspot.com\/-tFHzCRQKhvE\/WHUTceUxh6I\/AAAAAAAANNc\/-RCyztiN8-QXXMPbSspWNYUMIoE93YBcgCLcB\/s1600\/sismuc%2B1.jpg\" imageanchor=\"1\" style=\"margin-left: 1em; margin-right: 1em;\"><img loading=\"lazy\" decoding=\"async\" border=\"0\" height=\"221\" src=\"http:\/\/blogdoedvaldomagalhaes.com.br\/wp-content\/uploads\/2017\/01\/sismuc1.jpg\" width=\"400\" \/><\/a><\/div>\n<div class=\"separator\" style=\"clear: both; text-align: center;\">\n<\/div>\n<div class=\"separator\" style=\"clear: both; text-align: justify;\">\nO Presidente do SISMUC Regional, Eduardo Mendon\u00e7a afirmou que o secret\u00e1rio se mostrou dispon\u00edvel em discutir com a entidade, os problemas dos servidores da educa\u00e7\u00e3o. \u201cHouve um comprometimento inicial por parte do Secret\u00e1rio de Educa\u00e7\u00e3o, em abrir um di\u00e1logo mais direto com a categoria e com o Sismuc, sendo mais participativo e buscando atender todas as reivindica\u00e7\u00f5es\u201d, apontou Mendon\u00e7a.<\/div>\n<div style=\"text-align: justify;\">\n<\/div>\n<div class=\"separator\" style=\"clear: both; text-align: center;\">\n<\/div>\n<div class=\"separator\" style=\"clear: both; text-align: center;\">\n&nbsp;<a href=\"https:\/\/3.bp.blogspot.com\/-gshJiyW1Su4\/WHUTvQRrenI\/AAAAAAAANNk\/JpCziUh4d2ov1XHdQkE7rKOUn2gtXHYbQCLcB\/s1600\/sisumc3.jpg\" imageanchor=\"1\" style=\"margin-left: 1em; margin-right: 1em;\"><img loading=\"lazy\" decoding=\"async\" border=\"0\" height=\"221\" src=\"http:\/\/blogdoedvaldomagalhaes.com.br\/wp-content\/uploads\/2017\/01\/sisumc3.jpg\" width=\"400\" \/><\/a><\/div>\n<div class=\"separator\" style=\"clear: both; text-align: center;\">\n<\/div>\n<div class=\"separator\" style=\"clear: both; text-align: justify;\">\nJ\u00e1 para o Vice-Presidente do SISMUC Regional, Carlos Amaral \u201cCarl\u00e3o\u201d, o primeiro encontro foi mesmo em tom amistoso, mas que o secret\u00e1rio j\u00e1 est\u00e1 buscando conhecer a fundo toda estrutura e a realidade atual da educa\u00e7\u00e3o do munic\u00edpio\u201d De ante m\u00e3o, podemos dizer que abrimos as portas e pretendemos ser parceiros, unindo la\u00e7os para podermos chegar ao principal objetivo, que \u00e9 o do respeito, valoriza\u00e7\u00e3o e uma educa\u00e7\u00e3o p\u00fablica, justa, de qualidade e gratuita para nosso munic\u00edpio\u201d, explicou Carl\u00e3o.<\/div>\n<div class=\"separator\" style=\"clear: both; text-align: center;\">\n<\/div>\n<p><\/p>\n","protected":false},"excerpt":{"rendered":"<p>Na manh\u00e3 desta ter\u00e7a-feira (10), ocorreu a primeira reuni\u00e3o entre diretores do SISMUC Regional e o novo Secret\u00e1rio de Educa\u00e7\u00e3o&hellip;<\/p>\n","protected":false},"author":1,"featured_media":0,"comment_status":"open","ping_status":"open","sticky":false,"template":"","format":"standard","meta":{"footnotes":""},"categories":[1],"tags":[2,3236,6,4526,9824],"class_list":["post-7111","post","type-post","status-publish","format-standard","hentry","category-sem-categoria","tag-blog-do-edvaldo-magalhaes","tag-eduardo-mendonca","tag-noticias","tag-rubenildo-moura","tag-saiba-como-foi-o-encontro-entre-o-sismuc-regional-e-o-secretario-municipal-de-educacao"],"_links":{"self":[{"href":"https:\/\/blogdoedvaldomagalhaes.com.br\/index.php\/wp-json\/wp\/v2\/posts\/7111","targetHints":{"allow":["GET"]}}],"collection":[{"href":"https:\/\/blogdoedvaldomagalhaes.com.br\/index.php\/wp-json\/wp\/v2\/posts"}],"about":[{"href":"https:\/\/blogdoedvaldomagalhaes.com.br\/index.php\/wp-json\/wp\/v2\/types\/post"}],"author":[{"embeddable":true,"href":"https:\/\/blogdoedvaldomagalhaes.com.br\/index.php\/wp-json\/wp\/v2\/users\/1"}],"replies":[{"embeddable":true,"href":"https:\/\/blogdoedvaldomagalhaes.com.br\/index.php\/wp-json\/wp\/v2\/comments?post=7111"}],"version-history":[{"count":1,"href":"https:\/\/blogdoedvaldomagalhaes.com.br\/index.php\/wp-json\/wp\/v2\/posts\/7111\/revisions"}],"predecessor-version":[{"id":15868,"href":"https:\/\/blogdoedvaldomagalhaes.com.br\/index.php\/wp-json\/wp\/v2\/posts\/7111\/revisions\/15868"}],"wp:attachment":[{"href":"https:\/\/blogdoedvaldomagalhaes.com.br\/index.php\/wp-json\/wp\/v2\/media?parent=7111"}],"wp:term":[{"taxonomy":"category","embeddable":true,"href":"https:\/\/blogdoedvaldomagalhaes.com.br\/index.php\/wp-json\/wp\/v2\/categories?post=7111"},{"taxonomy":"post_tag","embeddable":true,"href":"https:\/\/blogdoedvaldomagalhaes.com.br\/index.php\/wp-json\/wp\/v2\/tags?post=7111"}],"curies":[{"name":"wp","href":"https:\/\/api.w.org\/{rel}","templated":true}]}}