{"id":711,"date":"2018-11-14T11:00:00","date_gmt":"2018-11-14T13:00:00","guid":{"rendered":"http:\/\/blogdoedvaldomagalhaes.com.br\/index.php\/2018\/11\/14\/mae-suspeita-de-tentar-vender-filho-de\/"},"modified":"2019-02-09T02:39:41","modified_gmt":"2019-02-09T04:39:41","slug":"mae-suspeita-de-tentar-vender-filho-de","status":"publish","type":"post","link":"https:\/\/blogdoedvaldomagalhaes.com.br\/index.php\/2018\/11\/14\/mae-suspeita-de-tentar-vender-filho-de\/","title":{"rendered":"M\u00e3e suspeita de tentar vender beb\u00ea prematuro em Caruaru"},"content":{"rendered":"<div style=\"text-align: justify;\">\n<div class=\"separator\" style=\"clear: both; text-align: center;\">\n<a href=\"https:\/\/1.bp.blogspot.com\/--4etdQWWWOY\/W-wARcPhbBI\/AAAAAAAA9k4\/_5t1UyuKR-IZx9yTtkNhLenwBUoZGcVYACLcBGAs\/s1600\/pm.jpg\" imageanchor=\"1\" style=\"margin-left: 1em; margin-right: 1em;\"><img loading=\"lazy\" decoding=\"async\" border=\"0\" data-original-height=\"720\" data-original-width=\"960\" height=\"480\" src=\"http:\/\/blogdoedvaldomagalhaes.com.br\/wp-content\/uploads\/2018\/11\/pm-2.jpg\" width=\"640\" \/><\/a><\/div>\n<p>\nNo final da manh\u00e3 dessa ter\u00e7a-feira (13), a equipe da CORE (Coordena\u00e7\u00e3o de Recursos Especiais da 14\u00aa Desec, juntamente com membros do Conselho Tutelar, adentraram na Favela da CAGEPE, no bairro Divin\u00f3polis, para cumprir Ordem Judicial que determinou o afastamento de duas crian\u00e7as, sendo uma de 23 dias de nascida e prematura e outra de 2 anos, do conv\u00edvio de sua genitora Alexsandra Pereira Silva.<\/div>\n<div style=\"text-align: justify;\">\n<\/div>\n<div style=\"text-align: justify;\">\nDe acordo com a Equipe CORE, a ordem judicial se deu em decorr\u00eancia das crian\u00e7as estarem em situa\u00e7\u00e3o de risco, por sua m\u00e3e ser viciada em crack, inclusive estar tentando &#8220;vender&#8221; seu filho prematuro por R$ 2.000,00.<\/div>\n<div style=\"text-align: justify;\">\n<\/div>\n<div style=\"text-align: justify;\">\nAs crian\u00e7as foram levadas para o abrigo municipal e acolhidas pelo Conselho Tutelar.<\/p>\n<p>Informa\u00e7\u00f5es: Anderson\/Na Mira da Not\u00edcia.<\/p><\/div>\n","protected":false},"excerpt":{"rendered":"<p>No final da manh\u00e3 dessa ter\u00e7a-feira (13), a equipe da CORE (Coordena\u00e7\u00e3o de Recursos Especiais da 14\u00aa Desec, juntamente com&hellip;<\/p>\n","protected":false},"author":1,"featured_media":0,"comment_status":"open","ping_status":"open","sticky":false,"template":"","format":"standard","meta":{"footnotes":""},"categories":[1],"tags":[2,650,13],"class_list":["post-711","post","type-post","status-publish","format-standard","hentry","category-sem-categoria","tag-blog-do-edvaldo-magalhaes","tag-mae-suspeita-de-tentar-vender-filho-de-2-anos-em-caruaru","tag-policial"],"_links":{"self":[{"href":"https:\/\/blogdoedvaldomagalhaes.com.br\/index.php\/wp-json\/wp\/v2\/posts\/711","targetHints":{"allow":["GET"]}}],"collection":[{"href":"https:\/\/blogdoedvaldomagalhaes.com.br\/index.php\/wp-json\/wp\/v2\/posts"}],"about":[{"href":"https:\/\/blogdoedvaldomagalhaes.com.br\/index.php\/wp-json\/wp\/v2\/types\/post"}],"author":[{"embeddable":true,"href":"https:\/\/blogdoedvaldomagalhaes.com.br\/index.php\/wp-json\/wp\/v2\/users\/1"}],"replies":[{"embeddable":true,"href":"https:\/\/blogdoedvaldomagalhaes.com.br\/index.php\/wp-json\/wp\/v2\/comments?post=711"}],"version-history":[{"count":1,"href":"https:\/\/blogdoedvaldomagalhaes.com.br\/index.php\/wp-json\/wp\/v2\/posts\/711\/revisions"}],"predecessor-version":[{"id":35832,"href":"https:\/\/blogdoedvaldomagalhaes.com.br\/index.php\/wp-json\/wp\/v2\/posts\/711\/revisions\/35832"}],"wp:attachment":[{"href":"https:\/\/blogdoedvaldomagalhaes.com.br\/index.php\/wp-json\/wp\/v2\/media?parent=711"}],"wp:term":[{"taxonomy":"category","embeddable":true,"href":"https:\/\/blogdoedvaldomagalhaes.com.br\/index.php\/wp-json\/wp\/v2\/categories?post=711"},{"taxonomy":"post_tag","embeddable":true,"href":"https:\/\/blogdoedvaldomagalhaes.com.br\/index.php\/wp-json\/wp\/v2\/tags?post=711"}],"curies":[{"name":"wp","href":"https:\/\/api.w.org\/{rel}","templated":true}]}}