{"id":710,"date":"2018-11-14T13:04:00","date_gmt":"2018-11-14T15:04:00","guid":{"rendered":"http:\/\/blogdoedvaldomagalhaes.com.br\/index.php\/2018\/11\/14\/feira-de-carros-e-motos-de-caruaru-e\/"},"modified":"2019-02-09T02:39:41","modified_gmt":"2019-02-09T04:39:41","slug":"feira-de-carros-e-motos-de-caruaru-e","status":"publish","type":"post","link":"https:\/\/blogdoedvaldomagalhaes.com.br\/index.php\/2018\/11\/14\/feira-de-carros-e-motos-de-caruaru-e\/","title":{"rendered":"Feira de carros e motos de Caruaru em novo local a partir de domingo (18)"},"content":{"rendered":"<div class=\"separator\" style=\"clear: both; text-align: center;\">\n<a href=\"https:\/\/3.bp.blogspot.com\/-jLaeC25BBy8\/W-wYN22eh2I\/AAAAAAAA9lE\/WLcYcgp3y1QoZMuiPr_ajpH2V37NroHzQCLcBGAs\/s1600\/images.jpeg\" imageanchor=\"1\" style=\"margin-left: 1em; margin-right: 1em;\"><img loading=\"lazy\" decoding=\"async\" border=\"0\" data-original-height=\"480\" data-original-width=\"640\" height=\"480\" src=\"http:\/\/blogdoedvaldomagalhaes.com.br\/wp-content\/uploads\/2018\/11\/images-2.jpeg\" width=\"640\" \/><\/a><\/div>\n<div class=\"separator\" style=\"clear: both; text-align: center;\">\n<\/div>\n<div class=\"separator\" style=\"clear: both; text-align: justify;\">\nA Feira de Carros e Motos de Caruaru que \u00e9 realizada aos domingos no estacionamento da vi\u00fava, no Parque 18 de Maio, a partir do pr\u00f3ximo fim de semana ir\u00e1 acontecer no estacionamento do&nbsp;Alto do Moura.&nbsp;A mudan\u00e7a de local \u00e9 devido a realiza\u00e7\u00e3o da Feira da Sulanca aos domingos neste e no pr\u00f3ximo m\u00eas.<\/div>\n<div class=\"separator\" style=\"clear: both; text-align: justify;\">\n<\/div>\n<div class=\"separator\" style=\"clear: both; text-align: justify;\">\nO Blog obteve uma informa\u00e7\u00e3o que o secret\u00e1rio Extraordin\u00e1rio de Feiras, Jos\u00e9 Pereira, estuda a possibilidade da perman\u00eancia da Feira de Carros e Motos, definitivamente no Alto do Moura.<\/div>\n<div class=\"separator\" style=\"clear: both; text-align: justify;\">\n<\/div>\n<div class=\"separator\" style=\"clear: both; text-align: justify;\">\nDe acordo com informa\u00e7\u00f5es do l\u00edder comunit\u00e1rio e vice-presidente da Associa\u00e7\u00e3o dos Moradores &nbsp;e Artes\u00e3os em Barro do Alto do Moura, Helton Rodrigues, foi furtada toda fia\u00e7\u00e3o dos postes do estacionamento do Alto do Moura.<\/div>\n<div class=\"separator\" style=\"clear: both; text-align: justify;\">\n<\/div>\n","protected":false},"excerpt":{"rendered":"<p>A Feira de Carros e Motos de Caruaru que \u00e9 realizada aos domingos no estacionamento da vi\u00fava, no Parque 18&hellip;<\/p>\n","protected":false},"author":1,"featured_media":0,"comment_status":"open","ping_status":"open","sticky":false,"template":"","format":"standard","meta":{"footnotes":""},"categories":[1],"tags":[2,649,6],"class_list":["post-710","post","type-post","status-publish","format-standard","hentry","category-sem-categoria","tag-blog-do-edvaldo-magalhaes","tag-feira-de-carros-e-motos-de-caruaru-em-novo-local-a-partir-de-domingo-18","tag-noticias"],"_links":{"self":[{"href":"https:\/\/blogdoedvaldomagalhaes.com.br\/index.php\/wp-json\/wp\/v2\/posts\/710","targetHints":{"allow":["GET"]}}],"collection":[{"href":"https:\/\/blogdoedvaldomagalhaes.com.br\/index.php\/wp-json\/wp\/v2\/posts"}],"about":[{"href":"https:\/\/blogdoedvaldomagalhaes.com.br\/index.php\/wp-json\/wp\/v2\/types\/post"}],"author":[{"embeddable":true,"href":"https:\/\/blogdoedvaldomagalhaes.com.br\/index.php\/wp-json\/wp\/v2\/users\/1"}],"replies":[{"embeddable":true,"href":"https:\/\/blogdoedvaldomagalhaes.com.br\/index.php\/wp-json\/wp\/v2\/comments?post=710"}],"version-history":[{"count":1,"href":"https:\/\/blogdoedvaldomagalhaes.com.br\/index.php\/wp-json\/wp\/v2\/posts\/710\/revisions"}],"predecessor-version":[{"id":35834,"href":"https:\/\/blogdoedvaldomagalhaes.com.br\/index.php\/wp-json\/wp\/v2\/posts\/710\/revisions\/35834"}],"wp:attachment":[{"href":"https:\/\/blogdoedvaldomagalhaes.com.br\/index.php\/wp-json\/wp\/v2\/media?parent=710"}],"wp:term":[{"taxonomy":"category","embeddable":true,"href":"https:\/\/blogdoedvaldomagalhaes.com.br\/index.php\/wp-json\/wp\/v2\/categories?post=710"},{"taxonomy":"post_tag","embeddable":true,"href":"https:\/\/blogdoedvaldomagalhaes.com.br\/index.php\/wp-json\/wp\/v2\/tags?post=710"}],"curies":[{"name":"wp","href":"https:\/\/api.w.org\/{rel}","templated":true}]}}