{"id":71,"date":"2019-02-01T11:00:00","date_gmt":"2019-02-01T13:00:00","guid":{"rendered":"http:\/\/blogdoedvaldomagalhaes.com.br\/index.php\/2019\/02\/01\/psl-realiza-encontro-em-caruaru-para\/"},"modified":"2019-02-09T02:51:34","modified_gmt":"2019-02-09T04:51:34","slug":"psl-realiza-encontro-em-caruaru-para","status":"publish","type":"post","link":"https:\/\/blogdoedvaldomagalhaes.com.br\/index.php\/2019\/02\/01\/psl-realiza-encontro-em-caruaru-para\/","title":{"rendered":"PSL realiza encontro em Caruaru para tra\u00e7ar metas para 2019"},"content":{"rendered":"<div class=\"separator\" style=\"clear: both; text-align: center;\">\n<a href=\"https:\/\/2.bp.blogspot.com\/-keYi4z7hPRg\/XFQmwbUITWI\/AAAAAAABB3w\/vImez2ndo2sPZRA81galtRBsy2q5CS_LgCLcBGAs\/s1600\/psl.jpg\" imageanchor=\"1\" style=\"margin-left: 1em; margin-right: 1em;\"><img loading=\"lazy\" decoding=\"async\" border=\"0\" data-original-height=\"225\" data-original-width=\"300\" height=\"480\" src=\"http:\/\/blogdoedvaldomagalhaes.com.br\/wp-content\/uploads\/2019\/02\/psl.jpg\" width=\"640\" \/><\/a><\/div>\n<div style=\"background-color: white; box-sizing: border-box; line-height: 24px; margin-bottom: 10px; text-align: justify;\">\n<\/div>\n<div style=\"background-color: white; box-sizing: border-box; line-height: 24px; margin-bottom: 10px; text-align: justify;\">\nLideran\u00e7as do Partido Social Liberal, em Pernambuco, estiveram reunidos na sede do PSL Caruaru, nesta quinta-feira (31), para tra\u00e7ar metas para o ano 2019. O evento, tamb\u00e9m de filia\u00e7\u00e3o do partido, contou com a presen\u00e7a do presidente do PSL estadual, Marcos Amaral, o suplemente de deputado estadual e vice-presidente do PSL Estadual, Silvio Nascimento, o presidente do PSL municipal, Manoel Santos, o suplemente de deputado federal, Frederico Fran\u00e7a e representantes da Associa\u00e7\u00e3o dos Surdos Mudos e sociedade civil.<\/div>\n<div style=\"background-color: white; box-sizing: border-box; line-height: 24px; margin-bottom: 10px; text-align: justify;\">\nO presidente munic\u00edpio do PSL, Manoel Santos, falou sobre o primeiro encontro do partido na cidade e destacou a import\u00e2ncia do evento, \u201cEsse encontro serviu para pensar o PSL para 2019, mas de olho nas elei\u00e7\u00f5es de 2020. Tivemos uma a\u00e7\u00e3o de filia\u00e7\u00e3o ao partido onde j\u00e1 superamos nossa expectativa. Obtivemos uma conversa importante com v\u00e1rios deficientes auditivos e sentimos o quanto a cidade \u00e9 carente em inclus\u00e3o social e outros pontos que queremos melhorar tamb\u00e9m em nosso munic\u00edpio\u201d destacou, Santos.<\/div>\n<div style=\"background-color: white; box-sizing: border-box; line-height: 24px; margin-bottom: 10px; text-align: justify;\">\nDurante o evento uma int\u00e9rprete foi respons\u00e1vel pela comunica\u00e7\u00e3o com os deficientes auditivos, al\u00e9m da participa\u00e7\u00e3o de v\u00e1rias lideran\u00e7as de cidades do interior de Pernambuco. O presidente estadual do PSL, Marcos Amaral, falou do encontro e destacou a posi\u00e7\u00e3o de Caruaru para o partido, \u201cPrimeira cidade depois da regi\u00e3o metropolitana \u00e9 Caruaru, aqui \u00e9 capital do Nordeste. N\u00f3s temos que ter candidatura pr\u00f3pria em 2020 e temos que ser protagonistas das elei\u00e7\u00f5es aqui na cidade. Esse encontro serve para discutir e tra\u00e7ar metas at\u00e9 o ano da elei\u00e7\u00e3o. Nosso objetivo \u00e9 primeiro Caruaru, depois Garanhuns e em seguida Petrolina. E nessas cidades vamos ser protagonistas\u201d ressaltou, Amaral.<\/div>\n<div style=\"background-color: white; box-sizing: border-box; line-height: 24px; margin-bottom: 10px; text-align: justify;\">\nCerca de cem pessoas estiveram discutindo o futuro pol\u00edtico do PSL, em Pernambuco. O suplente de deputado estadual, Silvio Nascimento, tamb\u00e9m destacou a import\u00e2ncia do encontro e falou da experi\u00eancia de fazer parte da equipe de transi\u00e7\u00e3o do presidente Jair Bolsonaro e explanou no evento, \u201cEncontros como estes s\u00e3o muito importantes para fortalecer o partida na cidade. A quantidade de pessoas que compareceram na reuni\u00e3o de hoje se multiplicam, uma vez que s\u00f3 participaram l\u00edderes e as ideias ser\u00e3o repassadas nas associa\u00e7\u00f5es, sindicatos e grupos de formadores de opini\u00f5es. Compartilhar com as pessoas presentes e trazer um pouco do que vivenciei l\u00e1 em Bras\u00edlia, tamb\u00e9m foi muito importante para apresentar ideias de \u00e2mbito nacional\u201d afirmou, Nascimento.<\/div>\n<div style=\"background-color: white; box-sizing: border-box; line-height: 24px; margin-bottom: 10px; text-align: justify;\">\n<\/div>\n","protected":false},"excerpt":{"rendered":"<p>Lideran\u00e7as do Partido Social Liberal, em Pernambuco, estiveram reunidos na sede do PSL Caruaru, nesta quinta-feira (31), para tra\u00e7ar metas&hellip;<\/p>\n","protected":false},"author":1,"featured_media":0,"comment_status":"open","ping_status":"open","sticky":false,"template":"","format":"standard","meta":{"footnotes":""},"categories":[1],"tags":[2,20,78],"class_list":["post-71","post","type-post","status-publish","format-standard","hentry","category-sem-categoria","tag-blog-do-edvaldo-magalhaes","tag-politica","tag-psl-realiza-encontro-em-caruaru-para-tracar-metas-para-2019"],"_links":{"self":[{"href":"https:\/\/blogdoedvaldomagalhaes.com.br\/index.php\/wp-json\/wp\/v2\/posts\/71","targetHints":{"allow":["GET"]}}],"collection":[{"href":"https:\/\/blogdoedvaldomagalhaes.com.br\/index.php\/wp-json\/wp\/v2\/posts"}],"about":[{"href":"https:\/\/blogdoedvaldomagalhaes.com.br\/index.php\/wp-json\/wp\/v2\/types\/post"}],"author":[{"embeddable":true,"href":"https:\/\/blogdoedvaldomagalhaes.com.br\/index.php\/wp-json\/wp\/v2\/users\/1"}],"replies":[{"embeddable":true,"href":"https:\/\/blogdoedvaldomagalhaes.com.br\/index.php\/wp-json\/wp\/v2\/comments?post=71"}],"version-history":[{"count":1,"href":"https:\/\/blogdoedvaldomagalhaes.com.br\/index.php\/wp-json\/wp\/v2\/posts\/71\/revisions"}],"predecessor-version":[{"id":37896,"href":"https:\/\/blogdoedvaldomagalhaes.com.br\/index.php\/wp-json\/wp\/v2\/posts\/71\/revisions\/37896"}],"wp:attachment":[{"href":"https:\/\/blogdoedvaldomagalhaes.com.br\/index.php\/wp-json\/wp\/v2\/media?parent=71"}],"wp:term":[{"taxonomy":"category","embeddable":true,"href":"https:\/\/blogdoedvaldomagalhaes.com.br\/index.php\/wp-json\/wp\/v2\/categories?post=71"},{"taxonomy":"post_tag","embeddable":true,"href":"https:\/\/blogdoedvaldomagalhaes.com.br\/index.php\/wp-json\/wp\/v2\/tags?post=71"}],"curies":[{"name":"wp","href":"https:\/\/api.w.org\/{rel}","templated":true}]}}