{"id":7098,"date":"2017-01-12T01:11:00","date_gmt":"2017-01-12T03:11:00","guid":{"rendered":"http:\/\/blogdoedvaldomagalhaes.com.br\/index.php\/2017\/01\/12\/suspeito-de-tentar-estuprar-mulher-e\/"},"modified":"2019-02-09T01:13:21","modified_gmt":"2019-02-09T03:13:21","slug":"suspeito-de-tentar-estuprar-mulher-e","status":"publish","type":"post","link":"https:\/\/blogdoedvaldomagalhaes.com.br\/index.php\/2017\/01\/12\/suspeito-de-tentar-estuprar-mulher-e\/","title":{"rendered":"Suspeito de tentar estuprar menor de 10 anos \u00e9 detido em Caruaru"},"content":{"rendered":"<div class=\"separator\" style=\"clear: both; text-align: center;\">\n<a href=\"https:\/\/4.bp.blogspot.com\/-9YcykVcBJbc\/WHbXUuPIJhI\/AAAAAAAANSk\/7Ieh08_eAlAzKarBIUPpXfLIxP0ZSotNACLcB\/s1600\/IMG-20170111-WA0141.jpg\" imageanchor=\"1\" style=\"margin-left: 1em; margin-right: 1em;\"><img loading=\"lazy\" decoding=\"async\" border=\"0\" height=\"400\" src=\"http:\/\/blogdoedvaldomagalhaes.com.br\/wp-content\/uploads\/2017\/01\/IMG-20170111-WA0141.jpg\" width=\"238\" \/><\/a><\/div>\n<div class=\"MsoNormal\" style=\"text-align: justify;\">\n<\/div>\n<div class=\"MsoNormal\" style=\"text-align: justify;\">\nLuiz Carlos Souza da Silva, conhecido por Cabe\u00e7a, de 28 anos, foi linchado por populares na tarde desta quarta-feira (11), na via local da BR-104, pr\u00f3ximo ao Forroz\u00e3o, em Caruaru. Ele \u00e9 acusado de&nbsp;tentar estuprar um garoto de 10 anos, no bairro Jardim Liberdade. Policiais da 3\u00aa DP prenderam o suspeito em flagrante, que j\u00e1 havia sido preso 3 vezes, duas por assalto e uma por furto e que estaria fugado do Centro de Ressocializa\u00e7\u00e3o do Agreste em Canhotinho e pelo fato do mesmo ter abordado o menino quando o garoto brincava em frente de casa e queria arrast\u00e1-lo para a beira do Rio Ipojuca, foi autuou em flagrante pelo crime de tentativa de estupro e nesta quinta-feira (12) o criminoso ser\u00e1 apresentado na audi\u00eancia de cust\u00f3dia, e caso o juiz decrete a sua pris\u00e3o, ele ser\u00e1 recolhido a Penitenci\u00e1ria Juiz Pl\u00e1cido de Souza, e caso seja liberado ser\u00e1 levado ao pres\u00eddio de Canhotinho.<\/div>\n<div class=\"MsoNormal\" style=\"text-align: justify;\">\n<\/div>\n<div class=\"separator\" style=\"clear: both; text-align: center;\">\n<\/div>\n<div class=\"MsoNormal\" style=\"text-align: justify;\">\n<\/div>\n","protected":false},"excerpt":{"rendered":"<p>Luiz Carlos Souza da Silva, conhecido por Cabe\u00e7a, de 28 anos, foi linchado por populares na tarde desta quarta-feira (11),&hellip;<\/p>\n","protected":false},"author":1,"featured_media":0,"comment_status":"open","ping_status":"open","sticky":false,"template":"","format":"standard","meta":{"footnotes":""},"categories":[1],"tags":[4498,2,3132,9794,13,5681,9795],"class_list":["post-7098","post","type-post","status-publish","format-standard","hentry","category-sem-categoria","tag-bairro-jardim-liberdade","tag-blog-do-edvaldo-magalhaes","tag-br-104","tag-forrozao","tag-policial","tag-presidio-de-canhotinho","tag-suspeito-de-tentar-estuprar-menor-de-10-anos-e-detido-em-caruaru"],"_links":{"self":[{"href":"https:\/\/blogdoedvaldomagalhaes.com.br\/index.php\/wp-json\/wp\/v2\/posts\/7098","targetHints":{"allow":["GET"]}}],"collection":[{"href":"https:\/\/blogdoedvaldomagalhaes.com.br\/index.php\/wp-json\/wp\/v2\/posts"}],"about":[{"href":"https:\/\/blogdoedvaldomagalhaes.com.br\/index.php\/wp-json\/wp\/v2\/types\/post"}],"author":[{"embeddable":true,"href":"https:\/\/blogdoedvaldomagalhaes.com.br\/index.php\/wp-json\/wp\/v2\/users\/1"}],"replies":[{"embeddable":true,"href":"https:\/\/blogdoedvaldomagalhaes.com.br\/index.php\/wp-json\/wp\/v2\/comments?post=7098"}],"version-history":[{"count":1,"href":"https:\/\/blogdoedvaldomagalhaes.com.br\/index.php\/wp-json\/wp\/v2\/posts\/7098\/revisions"}],"predecessor-version":[{"id":15906,"href":"https:\/\/blogdoedvaldomagalhaes.com.br\/index.php\/wp-json\/wp\/v2\/posts\/7098\/revisions\/15906"}],"wp:attachment":[{"href":"https:\/\/blogdoedvaldomagalhaes.com.br\/index.php\/wp-json\/wp\/v2\/media?parent=7098"}],"wp:term":[{"taxonomy":"category","embeddable":true,"href":"https:\/\/blogdoedvaldomagalhaes.com.br\/index.php\/wp-json\/wp\/v2\/categories?post=7098"},{"taxonomy":"post_tag","embeddable":true,"href":"https:\/\/blogdoedvaldomagalhaes.com.br\/index.php\/wp-json\/wp\/v2\/tags?post=7098"}],"curies":[{"name":"wp","href":"https:\/\/api.w.org\/{rel}","templated":true}]}}