{"id":7097,"date":"2017-01-12T01:45:00","date_gmt":"2017-01-12T03:45:00","guid":{"rendered":"http:\/\/blogdoedvaldomagalhaes.com.br\/index.php\/2017\/01\/12\/central-joga-mal-empata-com-o\/"},"modified":"2019-02-09T01:13:24","modified_gmt":"2019-02-09T03:13:24","slug":"central-joga-mal-empata-com-o","status":"publish","type":"post","link":"https:\/\/blogdoedvaldomagalhaes.com.br\/index.php\/2017\/01\/12\/central-joga-mal-empata-com-o\/","title":{"rendered":"Central joga mal, empata com o Atl\u00e9tico\/PE e falta de ingressos prejudica"},"content":{"rendered":"<div style=\"margin-bottom: .0001pt; margin: 0cm; text-align: justify;\">\n<div class=\"separator\" style=\"clear: both; text-align: center;\">\n<a href=\"https:\/\/4.bp.blogspot.com\/-hiUCEJGiqck\/WHbgIzjssgI\/AAAAAAAANSw\/gu7Z8dOWt-AFOaolU0TY8wJFu0Vko2MRQCLcB\/s1600\/03.jpg\" imageanchor=\"1\" style=\"margin-left: 1em; margin-right: 1em;\"><img loading=\"lazy\" decoding=\"async\" border=\"0\" height=\"266\" src=\"http:\/\/blogdoedvaldomagalhaes.com.br\/wp-content\/uploads\/2017\/01\/03-3.jpg\" width=\"400\" \/><\/a><\/div>\n<div class=\"separator\" style=\"clear: both; text-align: center;\">\nFotos; CentralSC\/Renan Vasconcelos<\/div>\n<p><\/div>\n<div style=\"margin-bottom: .0001pt; margin: 0cm; text-align: justify;\">\nO Central<br \/>\nn\u00e3o jogou bem, o ataque n\u00e3o funcionou e apenas empatou por 0 a 0 com o<br \/>\nAtl\u00e9tico\/PE, na noite desta quarta-feira (11), no Est\u00e1dio Luiz Jos\u00e9 de Lacerda,<br \/>\nem Caruaru, e ao final da partida o time foi vaiado. O&nbsp;jogo foi marcado<br \/>\npela falta de ingressos at\u00e9 15 minutos antes do jogo come\u00e7ar, e muitos<br \/>\ntorcedores foram ao Lacerd\u00e3o e n\u00e3o conseguiram entrar. O p\u00fablico total foi de<br \/>\n1.590 torcedores, com &nbsp;renda de R$ 22.740,00.<\/p>\n<p>O Central jogou com Murilo; Baiano, Marlon Ventura, Everton Moura e Altemar; Everton Hora, Vagner Rosa, David Manteiga (Robinho) e A\u00edlton; Jailson (Luiz Carlos) e Anderson Lessa.&nbsp;T\u00e9cnico: Laelson Lima<\/p>\n<p>O Atl\u00e9tico\/PE conseguiu um ponto precioso com Juca; Kiki, Robert, Janelson e Silva; Gledson, Walter, Wellington e Allan; J\u00fanior e Lelo.T\u00e9cnico: Gabriel Lisboa &nbsp;<\/p>\n<p><\/p>\n<div class=\"separator\" style=\"clear: both; text-align: center;\">\n<a href=\"https:\/\/1.bp.blogspot.com\/-dsG7_1nUyF8\/WHbgOws2tJI\/AAAAAAAANS0\/TyV0patqVNMZSS0njNSRvWEA2HPLjKKpgCLcB\/s1600\/01.jpg\" imageanchor=\"1\" style=\"margin-left: 1em; margin-right: 1em;\"><img loading=\"lazy\" decoding=\"async\" border=\"0\" height=\"266\" src=\"http:\/\/blogdoedvaldomagalhaes.com.br\/wp-content\/uploads\/2017\/01\/01-3.jpg\" width=\"400\" \/><\/a><\/div>\n<\/div>\n<div style=\"margin: 0cm 0cm 0.0001pt; text-align: justify;\">\n<\/div>\n<div style=\"-webkit-font-smoothing: antialiased; background: rgb(252, 252, 252); box-sizing: border-box; font-stretch: inherit; font-variant-numeric: inherit; line-height: inherit; margin: 0cm 0cm 0.0001pt; text-align: justify; vertical-align: baseline;\">\nA rodada foi aberta com o jogo entre Afogados da<br \/>\nIngazeira e Salgueiro, com vit\u00f3ria do Carcar\u00e1 por 3 a 1, no est\u00e1dio Vian\u00e3o, em<br \/>\nAfogados.&nbsp;Os gols do jogo foram<br \/>\nde&nbsp;Moreil\u00e2ndia e Willian Lira (duas vezes), para o Salgueiro, &nbsp;e<br \/>\nJamesson, para o Afogadense.<\/div>\n<div style=\"-webkit-font-smoothing: antialiased; background: rgb(252, 252, 252); box-sizing: border-box; font-stretch: inherit; font-variant-numeric: inherit; line-height: inherit; margin: 0cm 0cm 0.0001pt; text-align: justify; vertical-align: baseline;\">\n<\/div>\n<div style=\"-webkit-font-smoothing: antialiased; background: white; box-sizing: content-box; font-stretch: inherit; font-variant-numeric: inherit; line-height: 18.75pt; margin: 0cm 0cm 0.0001pt; text-align: justify; vertical-align: baseline; word-wrap: break-word;\">\nEm Arcoverde, o Flamengo<br \/>\nempatou por 0 a 0 com o Vit\u00f3ria-PE, no est\u00e1dio \u00c1ureo Bradley,&nbsp;<\/div>\n<div style=\"text-align: justify;\">\n<\/div>\n<div style=\"-webkit-font-smoothing: antialiased; background: white; box-sizing: content-box; font-stretch: inherit; font-variant-numeric: inherit; line-height: 18.75pt; margin: 0cm 0cm 0.0001pt; text-align: justify; vertical-align: baseline; word-wrap: break-word;\">\nNo pr\u00f3ximo domingo, ser\u00e1<br \/>\nrealizada a quarta rodada, a partir das 16h. No Carneir\u00e3o, o Vit\u00f3ria-PE encara<br \/>\no Serra Talhada. No Lacerd\u00e3o, o Central recebe o Belo Jardim. Em Carpina, o<br \/>\nAtl\u00e9tico-PE enfrenta o Am\u00e9rica-PE, no est\u00e1dio Paulo Petribu. E no sert\u00e3o, o<br \/>\nSalgueiro joga contra o Flamengo de Arcoverde, no Est\u00e1dio Corn\u00e9lio de Barros.<\/div>\n","protected":false},"excerpt":{"rendered":"<p>Fotos; CentralSC\/Renan Vasconcelos O Central n\u00e3o jogou bem, o ataque n\u00e3o funcionou e apenas empatou por 0 a 0 com&hellip;<\/p>\n","protected":false},"author":1,"featured_media":0,"comment_status":"open","ping_status":"open","sticky":false,"template":"","format":"standard","meta":{"footnotes":""},"categories":[1],"tags":[6653,2,8531,9793,9596,3,2955,3337],"class_list":["post-7097","post","type-post","status-publish","format-standard","hentry","category-sem-categoria","tag-afogados-da-ingazeira","tag-blog-do-edvaldo-magalhaes","tag-carpina","tag-central-joga-mal-empata-com-o-atletico-pe-e-falta-de-ingressos-prejudica","tag-flamengo-de-arcoverde","tag-futebol","tag-lacerdao","tag-salgueiro"],"_links":{"self":[{"href":"https:\/\/blogdoedvaldomagalhaes.com.br\/index.php\/wp-json\/wp\/v2\/posts\/7097","targetHints":{"allow":["GET"]}}],"collection":[{"href":"https:\/\/blogdoedvaldomagalhaes.com.br\/index.php\/wp-json\/wp\/v2\/posts"}],"about":[{"href":"https:\/\/blogdoedvaldomagalhaes.com.br\/index.php\/wp-json\/wp\/v2\/types\/post"}],"author":[{"embeddable":true,"href":"https:\/\/blogdoedvaldomagalhaes.com.br\/index.php\/wp-json\/wp\/v2\/users\/1"}],"replies":[{"embeddable":true,"href":"https:\/\/blogdoedvaldomagalhaes.com.br\/index.php\/wp-json\/wp\/v2\/comments?post=7097"}],"version-history":[{"count":1,"href":"https:\/\/blogdoedvaldomagalhaes.com.br\/index.php\/wp-json\/wp\/v2\/posts\/7097\/revisions"}],"predecessor-version":[{"id":15909,"href":"https:\/\/blogdoedvaldomagalhaes.com.br\/index.php\/wp-json\/wp\/v2\/posts\/7097\/revisions\/15909"}],"wp:attachment":[{"href":"https:\/\/blogdoedvaldomagalhaes.com.br\/index.php\/wp-json\/wp\/v2\/media?parent=7097"}],"wp:term":[{"taxonomy":"category","embeddable":true,"href":"https:\/\/blogdoedvaldomagalhaes.com.br\/index.php\/wp-json\/wp\/v2\/categories?post=7097"},{"taxonomy":"post_tag","embeddable":true,"href":"https:\/\/blogdoedvaldomagalhaes.com.br\/index.php\/wp-json\/wp\/v2\/tags?post=7097"}],"curies":[{"name":"wp","href":"https:\/\/api.w.org\/{rel}","templated":true}]}}