{"id":7096,"date":"2017-01-12T02:12:00","date_gmt":"2017-01-12T04:12:00","guid":{"rendered":"http:\/\/blogdoedvaldomagalhaes.com.br\/index.php\/2017\/01\/12\/estudantes-reclamam-de-acumulo-de-lixo\/"},"modified":"2019-02-09T01:13:24","modified_gmt":"2019-02-09T03:13:24","slug":"estudantes-reclamam-de-acumulo-de-lixo","status":"publish","type":"post","link":"https:\/\/blogdoedvaldomagalhaes.com.br\/index.php\/2017\/01\/12\/estudantes-reclamam-de-acumulo-de-lixo\/","title":{"rendered":"Estudantes reclamam de ac\u00famulo de lixo ao lado de educand\u00e1rio"},"content":{"rendered":"<div class=\"separator\" style=\"clear: both; text-align: center;\">\n<a href=\"https:\/\/3.bp.blogspot.com\/-h0-z5nosYUs\/WHbk6LuHlXI\/AAAAAAAANS8\/Lq0IcrkDo0MNxLGlqz8mmBiai2Wt14U7ACLcB\/s1600\/lixo.jpg\" imageanchor=\"1\" style=\"margin-left: 1em; margin-right: 1em;\"><img loading=\"lazy\" decoding=\"async\" border=\"0\" height=\"221\" src=\"http:\/\/blogdoedvaldomagalhaes.com.br\/wp-content\/uploads\/2017\/01\/lixo.jpg\" width=\"400\" \/><\/a><\/div>\n<div class=\"separator\" style=\"clear: both; text-align: center;\">\nFoto: Reprodu\u00e7\u00e3o\/WhasApp<\/div>\n<div class=\"separator\" style=\"clear: both; text-align: center;\">\n<\/div>\n<div class=\"separator\" style=\"clear: both; text-align: justify;\">\nRecebemos reclama\u00e7\u00f5es de estudantes da Escola Padre Zacarias Tavares, no bairro Salgado, em Caruaru, dando conta que o lixo est\u00e1 sendo acumulado ao lado do educand\u00e1rio, prejudicando a eles, aos moradores e a quem passa pelo local. Fazemos um apelo para que o Secret\u00e1rio de Servi\u00e7os P\u00fablicos, Humberto Correia, que est\u00e1 respondendo pelo departamento de limpeza do munic\u00edpio, ap\u00f3s a sa\u00edda de Maur\u00edcio Silva, mande os servidores recolherem o lixo.<\/div>\n<div style=\"text-align: justify;\">\n<\/div>\n","protected":false},"excerpt":{"rendered":"<p>Foto: Reprodu\u00e7\u00e3o\/WhasApp Recebemos reclama\u00e7\u00f5es de estudantes da Escola Padre Zacarias Tavares, no bairro Salgado, em Caruaru, dando conta que o&hellip;<\/p>\n","protected":false},"author":1,"featured_media":0,"comment_status":"open","ping_status":"open","sticky":false,"template":"","format":"standard","meta":{"footnotes":""},"categories":[1],"tags":[1943,2,8845,9791,6230,6,9792],"class_list":["post-7096","post","type-post","status-publish","format-standard","hentry","category-sem-categoria","tag-bairro-salgado","tag-blog-do-edvaldo-magalhaes","tag-escola-padre-zacarias-tavares","tag-estudantes-reclamam-de-acumulo-de-lixo-ao-lado-de-educandario","tag-humberto-correia","tag-noticias","tag-secretario-de-servicos-publicos"],"_links":{"self":[{"href":"https:\/\/blogdoedvaldomagalhaes.com.br\/index.php\/wp-json\/wp\/v2\/posts\/7096","targetHints":{"allow":["GET"]}}],"collection":[{"href":"https:\/\/blogdoedvaldomagalhaes.com.br\/index.php\/wp-json\/wp\/v2\/posts"}],"about":[{"href":"https:\/\/blogdoedvaldomagalhaes.com.br\/index.php\/wp-json\/wp\/v2\/types\/post"}],"author":[{"embeddable":true,"href":"https:\/\/blogdoedvaldomagalhaes.com.br\/index.php\/wp-json\/wp\/v2\/users\/1"}],"replies":[{"embeddable":true,"href":"https:\/\/blogdoedvaldomagalhaes.com.br\/index.php\/wp-json\/wp\/v2\/comments?post=7096"}],"version-history":[{"count":1,"href":"https:\/\/blogdoedvaldomagalhaes.com.br\/index.php\/wp-json\/wp\/v2\/posts\/7096\/revisions"}],"predecessor-version":[{"id":15911,"href":"https:\/\/blogdoedvaldomagalhaes.com.br\/index.php\/wp-json\/wp\/v2\/posts\/7096\/revisions\/15911"}],"wp:attachment":[{"href":"https:\/\/blogdoedvaldomagalhaes.com.br\/index.php\/wp-json\/wp\/v2\/media?parent=7096"}],"wp:term":[{"taxonomy":"category","embeddable":true,"href":"https:\/\/blogdoedvaldomagalhaes.com.br\/index.php\/wp-json\/wp\/v2\/categories?post=7096"},{"taxonomy":"post_tag","embeddable":true,"href":"https:\/\/blogdoedvaldomagalhaes.com.br\/index.php\/wp-json\/wp\/v2\/tags?post=7096"}],"curies":[{"name":"wp","href":"https:\/\/api.w.org\/{rel}","templated":true}]}}