{"id":709,"date":"2018-11-14T14:54:00","date_gmt":"2018-11-14T16:54:00","guid":{"rendered":"http:\/\/blogdoedvaldomagalhaes.com.br\/index.php\/2018\/11\/14\/luto-oficial-em-agrestina-pelo\/"},"modified":"2019-02-09T02:39:41","modified_gmt":"2019-02-09T04:39:41","slug":"luto-oficial-em-agrestina-pelo","status":"publish","type":"post","link":"https:\/\/blogdoedvaldomagalhaes.com.br\/index.php\/2018\/11\/14\/luto-oficial-em-agrestina-pelo\/","title":{"rendered":"Luto Oficial em Agrestina  pelo falecimento do pai do prefeito"},"content":{"rendered":"<div class=\"separator\" style=\"clear: both; text-align: center;\">\n<a href=\"https:\/\/4.bp.blogspot.com\/-JBx2O3Anuy4\/W-w15OYGFiI\/AAAAAAAA9lU\/PUhINKlGWbcBqc8Uj1FFm0drSptgKzI_QCLcBGAs\/s1600\/IMG-20181114-WA0056.jpg\" imageanchor=\"1\" style=\"margin-left: 1em; margin-right: 1em;\"><img loading=\"lazy\" decoding=\"async\" border=\"0\" data-original-height=\"331\" data-original-width=\"331\" height=\"640\" src=\"http:\/\/blogdoedvaldomagalhaes.com.br\/wp-content\/uploads\/2018\/11\/IMG-20181114-WA0056.jpg\" width=\"640\" \/><\/a><\/div>\n<p><\/p>\n<div style=\"text-align: justify;\">\n<b>LUTO OFICIAL|Nota de pesar<\/b><\/div>\n<div style=\"text-align: justify;\">\n<\/div>\n<div style=\"text-align: justify;\">\n\u00c9 com imenso pesar que nos deparamos, na noite desta ter\u00e7a-feira, com a not\u00edcia do falecimento do Senhor Ivan Nunes da Silva, que estava com 83 anos. O local foi o Hospital Jaime da Fonte, no Recife. Ele se encontrava hospitalizado h\u00e1 algum tempo e a causa da morte foi um choque s\u00e9ptico.<\/div>\n<div style=\"text-align: justify;\">\n<\/div>\n<div style=\"text-align: justify;\">\nComo era conhecido por praticamente todos os agrestinenses, o Seu Ivan Nunes, foi um empres\u00e1rio que muito contribuiu com a vida dos nossos mun\u00edcipes, provendo trabalho para muitos de Agrestina e de munic\u00edpios circunvizinhos. Ele deixa vi\u00fava a Dona Carmem Dolores e enlutados os filhos Ivan Junior, Andr\u00e9ia, S\u00e9rgio, Hugo e Thiago (Prefeito de Agrestina). Em decorr\u00eancia do ocorrido, a Prefeitura de Agrestina decreta 3 dias de luto oficial.<\/div>\n<div style=\"text-align: justify;\">\n<\/div>\n<div style=\"text-align: justify;\">\nO vel\u00f3rio est\u00e1 sendo realizado no Cemit\u00e9rio Parque dos Arcos, em Caruaru, e o sepultamento ser\u00e1 no mesmo local, \u00e0s 17h de hoje, tamb\u00e9m ser\u00e1 celebrada uma missa, \u00e0s 15h30.<\/div>\n<div style=\"text-align: justify;\">\n<\/div>\n<div style=\"text-align: justify;\">\nSer\u00e1 disponibilizado transporte para quem quiser se despedir do Seu Ivan Nunes e prestar solidariedade \u00e0 fam\u00edlia. Os carros partir\u00e3o \u00e0s 14h, da frente da prefeitura.<\/p>\n<p><b>NOTA DE PESAR<\/b><\/p>\n<p>\u00c9 com pesar que recebo a not\u00edcia do falecimento de Ivan Nunes, empres\u00e1rio conhecido pela sua atua\u00e7\u00e3o em Caruaru, Agrestina e cidades circunvizinhas, em especial na constru\u00e7\u00e3o civil, onde contribuiu na gera\u00e7\u00e3o de emprego e renda ao povo do Agreste. Deixo meus sentimentos \u00e0 vi\u00fava Dona Carmen, seus filhos Ivan, Andr\u00e9a, S\u00e9rgio, Hugo, Thiago e aos seus amigos.<\/p>\n<p>Raquel Lyra<\/p>\n<p>\nPrefeita de Caruaru<\/div>\n<div style=\"text-align: justify;\">\n<\/div>\n","protected":false},"excerpt":{"rendered":"<p>LUTO OFICIAL|Nota de pesar \u00c9 com imenso pesar que nos deparamos, na noite desta ter\u00e7a-feira, com a not\u00edcia do falecimento&hellip;<\/p>\n","protected":false},"author":1,"featured_media":0,"comment_status":"open","ping_status":"open","sticky":false,"template":"","format":"standard","meta":{"footnotes":""},"categories":[1],"tags":[2,648,6],"class_list":["post-709","post","type-post","status-publish","format-standard","hentry","category-sem-categoria","tag-blog-do-edvaldo-magalhaes","tag-luto-oficial-em-agrestina-pelo-falecimento-do-pai-do-prefeito","tag-noticias"],"_links":{"self":[{"href":"https:\/\/blogdoedvaldomagalhaes.com.br\/index.php\/wp-json\/wp\/v2\/posts\/709","targetHints":{"allow":["GET"]}}],"collection":[{"href":"https:\/\/blogdoedvaldomagalhaes.com.br\/index.php\/wp-json\/wp\/v2\/posts"}],"about":[{"href":"https:\/\/blogdoedvaldomagalhaes.com.br\/index.php\/wp-json\/wp\/v2\/types\/post"}],"author":[{"embeddable":true,"href":"https:\/\/blogdoedvaldomagalhaes.com.br\/index.php\/wp-json\/wp\/v2\/users\/1"}],"replies":[{"embeddable":true,"href":"https:\/\/blogdoedvaldomagalhaes.com.br\/index.php\/wp-json\/wp\/v2\/comments?post=709"}],"version-history":[{"count":1,"href":"https:\/\/blogdoedvaldomagalhaes.com.br\/index.php\/wp-json\/wp\/v2\/posts\/709\/revisions"}],"predecessor-version":[{"id":35836,"href":"https:\/\/blogdoedvaldomagalhaes.com.br\/index.php\/wp-json\/wp\/v2\/posts\/709\/revisions\/35836"}],"wp:attachment":[{"href":"https:\/\/blogdoedvaldomagalhaes.com.br\/index.php\/wp-json\/wp\/v2\/media?parent=709"}],"wp:term":[{"taxonomy":"category","embeddable":true,"href":"https:\/\/blogdoedvaldomagalhaes.com.br\/index.php\/wp-json\/wp\/v2\/categories?post=709"},{"taxonomy":"post_tag","embeddable":true,"href":"https:\/\/blogdoedvaldomagalhaes.com.br\/index.php\/wp-json\/wp\/v2\/tags?post=709"}],"curies":[{"name":"wp","href":"https:\/\/api.w.org\/{rel}","templated":true}]}}