{"id":708,"date":"2018-11-14T17:04:00","date_gmt":"2018-11-14T19:04:00","guid":{"rendered":"http:\/\/blogdoedvaldomagalhaes.com.br\/index.php\/2018\/11\/14\/confira-o-que-abre-e-fecha-no-feriado\/"},"modified":"2019-02-09T02:39:42","modified_gmt":"2019-02-09T04:39:42","slug":"confira-o-que-abre-e-fecha-no-feriado","status":"publish","type":"post","link":"https:\/\/blogdoedvaldomagalhaes.com.br\/index.php\/2018\/11\/14\/confira-o-que-abre-e-fecha-no-feriado\/","title":{"rendered":"Confira o que abre e fecha no feriado de 15 de novembro em Caruaru"},"content":{"rendered":"<div class=\"separator\" style=\"clear: both; text-align: center;\">\n<a href=\"https:\/\/2.bp.blogspot.com\/-TB5RNSfb6vQ\/W-xUQ6z95YI\/AAAAAAAA9lo\/NzC7HXjm8m81XEmiQHwAfrbRlvGGtvIjACLcBGAs\/s1600\/nov.jpeg\" imageanchor=\"1\" style=\"margin-left: 1em; margin-right: 1em;\"><img loading=\"lazy\" decoding=\"async\" border=\"0\" data-original-height=\"500\" data-original-width=\"888\" height=\"360\" src=\"http:\/\/blogdoedvaldomagalhaes.com.br\/wp-content\/uploads\/2018\/11\/nov.jpeg\" width=\"640\" \/><\/a><\/div>\n<div style=\"text-align: justify;\">\n<\/div>\n<div style=\"text-align: justify;\">\nNesta quinta-feira (15) dia da Proclama\u00e7\u00e3o da Rep\u00fablica, ser\u00e1 feriado nacional, com isto, as ag\u00eancias dos Correios, bancos, Detran, al\u00e9m de servi\u00e7os prestados pela prefeitura e governo n\u00e3o funcionam. Algumas lojas que comunicaram com anteced\u00eancia ao Sindloja, podem abrir.<\/div>\n<div style=\"text-align: justify;\">\n<\/div>\n<div style=\"text-align: justify;\">\nNo Caruaru Shopping, as lojas \u00e2ncoras e sat\u00e9lites funcionar\u00e3o das 10h \u00e0s 20h. A pra\u00e7a de alimenta\u00e7\u00e3o e lazer funcionar\u00e1 das 11h \u00e0s 21h, o Hiper Bompre\u00e7o, das 9h \u00e0s 21h, e a academia, das 9h \u00e0s 15h. O cinema estar\u00e1 aberto conforme hor\u00e1rio de sess\u00e3o, e o boliche das 12h \u00e0s 21h.<\/div>\n<div style=\"text-align: justify;\">\n<\/div>\n<div style=\"text-align: justify;\">\nNo Shopping Difusora, as lojas e quiosques abrir\u00e3o as portas das 11h \u00e0s 20h. As pra\u00e7as de alimenta\u00e7\u00e3o do primeiro, segundo e terceiro pisos estar\u00e3o funcionando das 11h \u00e0s 21h. O cinema funciona de acordo com os hor\u00e1rios dos filmes.<\/div>\n<div style=\"text-align: justify;\">\n<\/div>\n<div style=\"text-align: justify;\">\nA F\u00e1brica da Moda ser\u00e1 fechada e voltar\u00e1 a funcionar na sexta-feira (16). O Polo Caruaru ser\u00e1 aberto das 9h \u00e0s 18h. Algumas lojas do centro abrir\u00e3o mediante solicita\u00e7\u00e3o ao SindLoja.<\/div>\n<div style=\"text-align: justify;\">\n<\/div>\n<div style=\"text-align: justify;\">\nOs servi\u00e7os de car\u00e1ter essencial como hospitais e Samu funcionam normalmente, como as urg\u00eancias, emerg\u00eancias e UPAs. J\u00e1 os ambulat\u00f3rios e PSFs fecham no feriado.<\/p>\n<p>A coleta domiciliar ser\u00e1 normal na cidade.<\/p>\n<p>O espa\u00e7o de lazer vai funcionar das 6h \u00e0s 18h, na quinta (15) e no domingo (18).<\/p>\n<p>Os parques ambientais estar\u00e3o abertos de acordo com seus hor\u00e1rios habituais, fechando na segunda-feira (19) para manuten\u00e7\u00e3o.<\/p>\n<p>Secretaria de Desenvolvimento Social e Direitos Humanos: Servi\u00e7os de urg\u00eancia (como aux\u00edlio-funer\u00e1rio) funcionar\u00e3o normalmente.<\/p>\n<p>Os museus da cidade estar\u00e3o fechados na quinta (15), retornando \u00e0s atividades na sexta (16), das 8h \u00e0s 17h.<\/p>\n<\/div>\n<div style=\"text-align: justify;\">\n<\/div>\n","protected":false},"excerpt":{"rendered":"<p>Nesta quinta-feira (15) dia da Proclama\u00e7\u00e3o da Rep\u00fablica, ser\u00e1 feriado nacional, com isto, as ag\u00eancias dos Correios, bancos, Detran, al\u00e9m&hellip;<\/p>\n","protected":false},"author":1,"featured_media":0,"comment_status":"open","ping_status":"open","sticky":false,"template":"","format":"standard","meta":{"footnotes":""},"categories":[1],"tags":[2,647,6],"class_list":["post-708","post","type-post","status-publish","format-standard","hentry","category-sem-categoria","tag-blog-do-edvaldo-magalhaes","tag-confira-o-que-abre-e-fecha-no-feriado-de-15-de-novembro-em-caruaru","tag-noticias"],"_links":{"self":[{"href":"https:\/\/blogdoedvaldomagalhaes.com.br\/index.php\/wp-json\/wp\/v2\/posts\/708","targetHints":{"allow":["GET"]}}],"collection":[{"href":"https:\/\/blogdoedvaldomagalhaes.com.br\/index.php\/wp-json\/wp\/v2\/posts"}],"about":[{"href":"https:\/\/blogdoedvaldomagalhaes.com.br\/index.php\/wp-json\/wp\/v2\/types\/post"}],"author":[{"embeddable":true,"href":"https:\/\/blogdoedvaldomagalhaes.com.br\/index.php\/wp-json\/wp\/v2\/users\/1"}],"replies":[{"embeddable":true,"href":"https:\/\/blogdoedvaldomagalhaes.com.br\/index.php\/wp-json\/wp\/v2\/comments?post=708"}],"version-history":[{"count":1,"href":"https:\/\/blogdoedvaldomagalhaes.com.br\/index.php\/wp-json\/wp\/v2\/posts\/708\/revisions"}],"predecessor-version":[{"id":35838,"href":"https:\/\/blogdoedvaldomagalhaes.com.br\/index.php\/wp-json\/wp\/v2\/posts\/708\/revisions\/35838"}],"wp:attachment":[{"href":"https:\/\/blogdoedvaldomagalhaes.com.br\/index.php\/wp-json\/wp\/v2\/media?parent=708"}],"wp:term":[{"taxonomy":"category","embeddable":true,"href":"https:\/\/blogdoedvaldomagalhaes.com.br\/index.php\/wp-json\/wp\/v2\/categories?post=708"},{"taxonomy":"post_tag","embeddable":true,"href":"https:\/\/blogdoedvaldomagalhaes.com.br\/index.php\/wp-json\/wp\/v2\/tags?post=708"}],"curies":[{"name":"wp","href":"https:\/\/api.w.org\/{rel}","templated":true}]}}