{"id":707,"date":"2018-11-14T17:23:00","date_gmt":"2018-11-14T19:23:00","guid":{"rendered":"http:\/\/blogdoedvaldomagalhaes.com.br\/index.php\/2018\/11\/14\/caruaru-sedia-segunda-noite-da-primeira\/"},"modified":"2019-02-09T02:39:45","modified_gmt":"2019-02-09T04:39:45","slug":"caruaru-sedia-segunda-noite-da-primeira","status":"publish","type":"post","link":"https:\/\/blogdoedvaldomagalhaes.com.br\/index.php\/2018\/11\/14\/caruaru-sedia-segunda-noite-da-primeira\/","title":{"rendered":"Caruaru sedia segunda noite da primeira etapa da Liga Nordeste de Futsal"},"content":{"rendered":"<div class=\"separator\" style=\"clear: both; text-align: center;\">\n<a href=\"https:\/\/3.bp.blogspot.com\/-edbrovcnm2A\/W-xZpQD7AJI\/AAAAAAAA9l0\/t9mxkGu1TPoB1TbkxzoEoS-NhQfs_1BggCLcBGAs\/s1600\/1.jpg\" imageanchor=\"1\" style=\"margin-left: 1em; margin-right: 1em;\"><img loading=\"lazy\" decoding=\"async\" border=\"0\" data-original-height=\"1067\" data-original-width=\"1600\" height=\"426\" src=\"http:\/\/blogdoedvaldomagalhaes.com.br\/wp-content\/uploads\/2018\/11\/1-9.jpg\" width=\"640\" \/><\/a><\/div>\n<div class=\"separator\" style=\"clear: both; text-align: center;\">\nFotos: Jorge Farias\/Divulga\u00e7\u00e3o<\/div>\n<div style=\"text-align: justify;\">\n<\/div>\n<div style=\"text-align: justify;\">\nCome\u00e7ou nesta ter\u00e7a-feira (13) a primeira fase da Liga Nordeste de Futsal 2018. O evento promovido pela Confedera\u00e7\u00e3o Brasileira de Futsal conta com apoio da Prefeitura de Caruaru, atrav\u00e9s da Ger\u00eancia de Esportes e Lazer, e est\u00e1 sendo realizado no gin\u00e1sio do Sesc. Cinco equipes est\u00e3o disputando duas vagas para a fase seguinte e o vencedor estar\u00e1 credenciado para participar da Super Liga do ano que vem.<\/div>\n<div style=\"text-align: justify;\">\n<\/div>\n<div style=\"text-align: justify;\">\nO evento iniciou com um congresso t\u00e9cnico na parte da manh\u00e3, e \u00e0 noite foi a vez das disputas entre os times Tamandar\u00e9-PE x Educar Futsal Clube -SE, e Asec-PE x Francisco do Conde-BA. A Asec n\u00e3o largou bem na estreia da primeira fase e a derrota para a equipe do S\u00e3o Francisco por quatro a um deixou os caruaruenses na lanterna do torneio. O gol de honra do time da casa foi marcado pelo piv\u00f4, Bob.<\/div>\n<div style=\"text-align: justify;\">\n<\/div>\n<div class=\"separator\" style=\"clear: both; text-align: center;\">\n<a href=\"https:\/\/4.bp.blogspot.com\/-7PqVlreIpkQ\/W-xZ2N5D9pI\/AAAAAAAA9l4\/JnfApqd9JWogTKZT5SPII4sHB-EVnoLbACLcBGAs\/s1600\/2.jpg\" imageanchor=\"1\" style=\"margin-left: 1em; margin-right: 1em;\"><img loading=\"lazy\" decoding=\"async\" border=\"0\" data-original-height=\"1067\" data-original-width=\"1600\" height=\"426\" src=\"http:\/\/blogdoedvaldomagalhaes.com.br\/wp-content\/uploads\/2018\/11\/2-7.jpg\" width=\"640\" \/><\/a><\/div>\n<div style=\"text-align: justify;\">\n<\/div>\n<div style=\"text-align: justify;\">\nNa primeira partida da noite, no Sesc de Caruaru, as equipes do Tamandar\u00e9-PE e Educar-SE ficaram no empate, em um a um. Nesta quarta-feira (14), mais dois jogos ser\u00e3o realizados no Sesc. O primeiro confronto ser\u00e1 entre Educar-SE e S\u00e3o Bento-PB, \u00e0s 19h30. O segundo encontro da noite ser\u00e1 entre Asec-PE e Tamandar\u00e9, \u00e0s 21h.<\/div>\n<div style=\"text-align: justify;\">\n<\/div>\n<div style=\"text-align: justify;\">\nA tabela segue com os jogos de S\u00e3o Bento \u2013 PB x Tamandar\u00e9 \u2013 PE e Educar Futebol Clube \u2013 SE x S\u00e3o Francisco do Conde \u2013 BA, na quinta-feira (15), S\u00e3o Francisco \u2013 BA x S\u00e3o Bento \u2013 PB, e Asec \u2013 PE x Educar \u2013 SE, na sexta-feira (16). No encerramento do s\u00e1bado (17), tem as partidas do S\u00e3o Francisco \u2013 BA x Tamandar\u00e9 \u2013 PE, e Asec \u2013 PE x S\u00e3o Bento \u2013 PB. As partidas iniciam \u00e0s 19h30 durante a semana e \u00e0s 17h no s\u00e1bado, com acesso gratuito do p\u00fablico, que precisa levar um quilo de alimento n\u00e3o perec\u00edvel.<\/div>\n<div style=\"text-align: justify;\">\n<\/div>\n<div class=\"separator\" style=\"clear: both; text-align: center;\">\n<a href=\"https:\/\/4.bp.blogspot.com\/-PNcihZK7X1Q\/W-xZ-CKwSOI\/AAAAAAAA9mA\/tqvCMu2x5m8wh35tyhq6Qupk_jm-dC1QwCLcBGAs\/s1600\/3.jpg\" imageanchor=\"1\" style=\"margin-left: 1em; margin-right: 1em;\"><img loading=\"lazy\" decoding=\"async\" border=\"0\" data-original-height=\"1067\" data-original-width=\"1600\" height=\"426\" src=\"http:\/\/blogdoedvaldomagalhaes.com.br\/wp-content\/uploads\/2018\/11\/3-4.jpg\" width=\"640\" \/><\/a><\/div>\n<div style=\"text-align: justify;\">\n<\/div>\n<div style=\"text-align: justify;\">\nO time caruaruense Asec ir\u00e1 para a sua terceira disputa de competi\u00e7\u00e3o nacional. Na primeira oportunidade a equipe conquistou o t\u00edtulo de campe\u00e3 da Ta\u00e7a Brasil de Futsal 2018, al\u00e9m de ficar na quinta coloca\u00e7\u00e3o da Copa do Brasil que tamb\u00e9m aconteceu este ano.&nbsp;<\/div>\n","protected":false},"excerpt":{"rendered":"<p>Fotos: Jorge Farias\/Divulga\u00e7\u00e3o Come\u00e7ou nesta ter\u00e7a-feira (13) a primeira fase da Liga Nordeste de Futsal 2018. O evento promovido pela&hellip;<\/p>\n","protected":false},"author":1,"featured_media":0,"comment_status":"open","ping_status":"open","sticky":false,"template":"","format":"standard","meta":{"footnotes":""},"categories":[1],"tags":[2,646,3],"class_list":["post-707","post","type-post","status-publish","format-standard","hentry","category-sem-categoria","tag-blog-do-edvaldo-magalhaes","tag-caruaru-sedia-segunda-noite-da-primeira-etapa-da-liga-nordeste-de-futsal","tag-futebol"],"_links":{"self":[{"href":"https:\/\/blogdoedvaldomagalhaes.com.br\/index.php\/wp-json\/wp\/v2\/posts\/707","targetHints":{"allow":["GET"]}}],"collection":[{"href":"https:\/\/blogdoedvaldomagalhaes.com.br\/index.php\/wp-json\/wp\/v2\/posts"}],"about":[{"href":"https:\/\/blogdoedvaldomagalhaes.com.br\/index.php\/wp-json\/wp\/v2\/types\/post"}],"author":[{"embeddable":true,"href":"https:\/\/blogdoedvaldomagalhaes.com.br\/index.php\/wp-json\/wp\/v2\/users\/1"}],"replies":[{"embeddable":true,"href":"https:\/\/blogdoedvaldomagalhaes.com.br\/index.php\/wp-json\/wp\/v2\/comments?post=707"}],"version-history":[{"count":1,"href":"https:\/\/blogdoedvaldomagalhaes.com.br\/index.php\/wp-json\/wp\/v2\/posts\/707\/revisions"}],"predecessor-version":[{"id":35842,"href":"https:\/\/blogdoedvaldomagalhaes.com.br\/index.php\/wp-json\/wp\/v2\/posts\/707\/revisions\/35842"}],"wp:attachment":[{"href":"https:\/\/blogdoedvaldomagalhaes.com.br\/index.php\/wp-json\/wp\/v2\/media?parent=707"}],"wp:term":[{"taxonomy":"category","embeddable":true,"href":"https:\/\/blogdoedvaldomagalhaes.com.br\/index.php\/wp-json\/wp\/v2\/categories?post=707"},{"taxonomy":"post_tag","embeddable":true,"href":"https:\/\/blogdoedvaldomagalhaes.com.br\/index.php\/wp-json\/wp\/v2\/tags?post=707"}],"curies":[{"name":"wp","href":"https:\/\/api.w.org\/{rel}","templated":true}]}}