{"id":70678,"date":"2021-06-05T20:52:56","date_gmt":"2021-06-05T23:52:56","guid":{"rendered":"https:\/\/blogdoedvaldomagalhaes.com.br\/?p=70678"},"modified":"2021-06-05T21:02:53","modified_gmt":"2021-06-06T00:02:53","slug":"pm-e-acionada-para-suspender-festa-irregular-em-condominio-de-pombos-e-em-uma-casa-em-sanharo","status":"publish","type":"post","link":"https:\/\/blogdoedvaldomagalhaes.com.br\/index.php\/2021\/06\/05\/pm-e-acionada-para-suspender-festa-irregular-em-condominio-de-pombos-e-em-uma-casa-em-sanharo\/","title":{"rendered":"PM \u00e9 acionada para suspender festa irregular em condom\u00ednio de Pombos e em uma casa em Sanhar\u00f3"},"content":{"rendered":"<p style=\"text-align: justify;\"><span style=\"font-size: inherit;\">Policiais militares do 21\u00ba BPM foram acionados, na tarde deste s\u00e1bado (05\/06), sobre um poss\u00edvel descumprimento do decreto de combate \u00e0 pandemia do Covid, no loteamento S\u00e3o F\u00e9lix, na cidade de Pombos. Ao chegar no local, o efetivo constatou a veracidade das den\u00fancias e conduziu o organizador do evento para a Delegacia de Pol\u00edcia Civil de Gravat\u00e1, para que fossem tomadas as provid\u00eancias legais cab\u00edveis neste tipo de situa\u00e7\u00e3o.<\/span><\/p>\n\n\n<figure class=\"wp-block-image size-large\"><img loading=\"lazy\" decoding=\"async\" width=\"1024\" height=\"735\" src=\"https:\/\/blogdoedvaldomagalhaes.com.br\/wp-content\/uploads\/2021\/06\/IMG-20210605-WA0121-1024x735.jpg\" alt=\"\" class=\"wp-image-70682\" srcset=\"https:\/\/blogdoedvaldomagalhaes.com.br\/wp-content\/uploads\/2021\/06\/IMG-20210605-WA0121-1024x735.jpg 1024w, https:\/\/blogdoedvaldomagalhaes.com.br\/wp-content\/uploads\/2021\/06\/IMG-20210605-WA0121-300x215.jpg 300w, https:\/\/blogdoedvaldomagalhaes.com.br\/wp-content\/uploads\/2021\/06\/IMG-20210605-WA0121-768x551.jpg 768w, https:\/\/blogdoedvaldomagalhaes.com.br\/wp-content\/uploads\/2021\/06\/IMG-20210605-WA0121.jpg 1280w\" sizes=\"auto, (max-width: 1024px) 100vw, 1024px\" \/><\/figure>\n\n\n<p style=\"text-align: justify;\"><span style=\"font-size: inherit;\">Ap\u00f3s tentativas frustradas de chegar a uma solu\u00e7\u00e3o negociada, policiais militares da 8\u00aa CIPM, prenderam uma mulher, na madrugada deste s\u00e1bado (05\/06), em Sanhar\u00f3, por perturba\u00e7\u00e3o do sossego, desobedi\u00eancia e resist\u00eancia. O efetivo foi at\u00e9 \u00e0 casa dela, na Rua Jos\u00e9 Thiago, apurar a den\u00fancia de que estava havendo uma festa no local, regada a bebidas alco\u00f3licas e som alto. Foi feito uma solicita\u00e7\u00e3o \u00e0 propriet\u00e1ria, que baixou o volume. Mas, bastou o efetivo deixar o local que ela voltou a aumentar o som. Novo deslocamento foi realizado a referida resid\u00eancia e a respons\u00e1vel pelo inc\u00f4modo social foi orientada a deixar a vizinhan\u00e7a em paz e advertida que seu problema de perturba\u00e7\u00e3o persistir, seriam adotadas provid\u00eancias rigorosas. Na terceira visita \u00e0 resid\u00eancia, os policiais encontraram um cadeado na grade que dava acesso e a mulher se recusou a receb\u00ea-los. Somente ap\u00f3s muita insist\u00eancia, ela apareceu e foi detida e encaminhada para a Delegacia de Pol\u00edcia da cidade, juntamente com o sistema de som, que foi apreendido.<\/span><\/p>","protected":false},"excerpt":{"rendered":"<p>Policiais militares do 21\u00ba BPM foram acionados, na tarde deste s\u00e1bado (05\/06), sobre um poss\u00edvel descumprimento do decreto de combate&hellip;<\/p>\n","protected":false},"author":1,"featured_media":70679,"comment_status":"open","ping_status":"open","sticky":false,"template":"","format":"standard","meta":{"footnotes":""},"categories":[14121],"tags":[2,19532,1950,21836],"class_list":["post-70678","post","type-post","status-publish","format-standard","has-post-thumbnail","hentry","category-policial","tag-blog-do-edvaldo-magalhaes","tag-blog-mais-acessado-e-visualizado-de-caruaru-e-regiao","tag-noticias-de-caruaru","tag-pm-e-acionada-para-suspender-festa-irregular-em-condominio-de-pombos-e-em-uma-casa-em-sanharo"],"_links":{"self":[{"href":"https:\/\/blogdoedvaldomagalhaes.com.br\/index.php\/wp-json\/wp\/v2\/posts\/70678","targetHints":{"allow":["GET"]}}],"collection":[{"href":"https:\/\/blogdoedvaldomagalhaes.com.br\/index.php\/wp-json\/wp\/v2\/posts"}],"about":[{"href":"https:\/\/blogdoedvaldomagalhaes.com.br\/index.php\/wp-json\/wp\/v2\/types\/post"}],"author":[{"embeddable":true,"href":"https:\/\/blogdoedvaldomagalhaes.com.br\/index.php\/wp-json\/wp\/v2\/users\/1"}],"replies":[{"embeddable":true,"href":"https:\/\/blogdoedvaldomagalhaes.com.br\/index.php\/wp-json\/wp\/v2\/comments?post=70678"}],"version-history":[{"count":2,"href":"https:\/\/blogdoedvaldomagalhaes.com.br\/index.php\/wp-json\/wp\/v2\/posts\/70678\/revisions"}],"predecessor-version":[{"id":70683,"href":"https:\/\/blogdoedvaldomagalhaes.com.br\/index.php\/wp-json\/wp\/v2\/posts\/70678\/revisions\/70683"}],"wp:featuredmedia":[{"embeddable":true,"href":"https:\/\/blogdoedvaldomagalhaes.com.br\/index.php\/wp-json\/wp\/v2\/media\/70679"}],"wp:attachment":[{"href":"https:\/\/blogdoedvaldomagalhaes.com.br\/index.php\/wp-json\/wp\/v2\/media?parent=70678"}],"wp:term":[{"taxonomy":"category","embeddable":true,"href":"https:\/\/blogdoedvaldomagalhaes.com.br\/index.php\/wp-json\/wp\/v2\/categories?post=70678"},{"taxonomy":"post_tag","embeddable":true,"href":"https:\/\/blogdoedvaldomagalhaes.com.br\/index.php\/wp-json\/wp\/v2\/tags?post=70678"}],"curies":[{"name":"wp","href":"https:\/\/api.w.org\/{rel}","templated":true}]}}