{"id":70675,"date":"2021-06-05T20:09:12","date_gmt":"2021-06-05T23:09:12","guid":{"rendered":"https:\/\/blogdoedvaldomagalhaes.com.br\/?p=70675"},"modified":"2021-06-05T20:09:14","modified_gmt":"2021-06-05T23:09:14","slug":"prefeito-de-bonito-pede-reforco-policial-para-cumprir-medidas-restritivas-na-cidade","status":"publish","type":"post","link":"https:\/\/blogdoedvaldomagalhaes.com.br\/index.php\/2021\/06\/05\/prefeito-de-bonito-pede-reforco-policial-para-cumprir-medidas-restritivas-na-cidade\/","title":{"rendered":"Prefeito de Bonito pede refor\u00e7o policial para cumprir medidas restritivas na cidade"},"content":{"rendered":"<p style=\"text-align: justify;\">A quarentena decretada pelo Governo do Estado, com medidas mais r\u00edgidas para conter o avan\u00e7o da covid-19, ainda n\u00e3o surtiu o efeito esperado. Os hospitais dos munic\u00edpios do Agreste, por exemplo, seguem com dificuldades para atender pacientes com o v\u00edrus.<\/p>\n<p style=\"text-align: justify;\">O decreto determina funcionamento apenas de servi\u00e7os essenciais, mas na maioria das cidades da regi\u00e3o todos os segmentos est\u00e3o funcionando e muita gente se aglomerando em todo lugar.<\/p>\n<p style=\"text-align: justify;\">Em\u00a0<a href=\"https:\/\/liberdade.com.br\/\">Bonito<\/a>, o prefeito Gustavo Adolfo determinou fechamento total a partir deste s\u00e1bado (05), visando conter o v\u00edrus que circula na cidade. Para que todos cumpram as medidas restritivas, ele pediu refor\u00e7o policial.<\/p>\n","protected":false},"excerpt":{"rendered":"<p>A quarentena decretada pelo Governo do Estado, com medidas mais r\u00edgidas para conter o avan\u00e7o da covid-19, ainda n\u00e3o surtiu&hellip;<\/p>\n","protected":false},"author":1,"featured_media":70676,"comment_status":"open","ping_status":"open","sticky":false,"template":"","format":"standard","meta":{"footnotes":""},"categories":[14120],"tags":[2,19532,1950,19670,21835],"class_list":["post-70675","post","type-post","status-publish","format-standard","has-post-thumbnail","hentry","category-noticias","tag-blog-do-edvaldo-magalhaes","tag-blog-mais-acessado-e-visualizado-de-caruaru-e-regiao","tag-noticias-de-caruaru","tag-novo-coronavirus","tag-prefeito-de-bonito-pede-reforco-policial-para-cumprir-medidas-restritivas-na-cidade"],"_links":{"self":[{"href":"https:\/\/blogdoedvaldomagalhaes.com.br\/index.php\/wp-json\/wp\/v2\/posts\/70675","targetHints":{"allow":["GET"]}}],"collection":[{"href":"https:\/\/blogdoedvaldomagalhaes.com.br\/index.php\/wp-json\/wp\/v2\/posts"}],"about":[{"href":"https:\/\/blogdoedvaldomagalhaes.com.br\/index.php\/wp-json\/wp\/v2\/types\/post"}],"author":[{"embeddable":true,"href":"https:\/\/blogdoedvaldomagalhaes.com.br\/index.php\/wp-json\/wp\/v2\/users\/1"}],"replies":[{"embeddable":true,"href":"https:\/\/blogdoedvaldomagalhaes.com.br\/index.php\/wp-json\/wp\/v2\/comments?post=70675"}],"version-history":[{"count":1,"href":"https:\/\/blogdoedvaldomagalhaes.com.br\/index.php\/wp-json\/wp\/v2\/posts\/70675\/revisions"}],"predecessor-version":[{"id":70677,"href":"https:\/\/blogdoedvaldomagalhaes.com.br\/index.php\/wp-json\/wp\/v2\/posts\/70675\/revisions\/70677"}],"wp:featuredmedia":[{"embeddable":true,"href":"https:\/\/blogdoedvaldomagalhaes.com.br\/index.php\/wp-json\/wp\/v2\/media\/70676"}],"wp:attachment":[{"href":"https:\/\/blogdoedvaldomagalhaes.com.br\/index.php\/wp-json\/wp\/v2\/media?parent=70675"}],"wp:term":[{"taxonomy":"category","embeddable":true,"href":"https:\/\/blogdoedvaldomagalhaes.com.br\/index.php\/wp-json\/wp\/v2\/categories?post=70675"},{"taxonomy":"post_tag","embeddable":true,"href":"https:\/\/blogdoedvaldomagalhaes.com.br\/index.php\/wp-json\/wp\/v2\/tags?post=70675"}],"curies":[{"name":"wp","href":"https:\/\/api.w.org\/{rel}","templated":true}]}}