{"id":70672,"date":"2021-06-05T19:51:44","date_gmt":"2021-06-05T22:51:44","guid":{"rendered":"https:\/\/blogdoedvaldomagalhaes.com.br\/?p=70672"},"modified":"2021-06-05T19:51:46","modified_gmt":"2021-06-05T22:51:46","slug":"procon-interdita-estabelecimentos-no-recife-e-em-caruaru","status":"publish","type":"post","link":"https:\/\/blogdoedvaldomagalhaes.com.br\/index.php\/2021\/06\/05\/procon-interdita-estabelecimentos-no-recife-e-em-caruaru\/","title":{"rendered":"Procon interdita estabelecimentos no Recife e em Caruaru"},"content":{"rendered":"<p style=\"text-align: justify;\">O Procon Pernambuco interditou, na noite dessa sexta-feira (4), bares e restaurantes que descumpriam o Decreto do Governo do Estado sobre o funcionamento do setor durante a pandemia. O \u00f3rg\u00e3o intensificou as fiscaliza\u00e7\u00f5es na Regi\u00e3o Metropolitana do Recife, Zona da Mata e Agreste, ap\u00f3s o feriado de Corpus Christi, celebrado no dia 3 de junho.<\/p>\n<p style=\"text-align: justify;\">Durante a a\u00e7\u00e3o conjunta foram identificadas diversas \u00e1reas como bares e restaurantes abertos ap\u00f3s \u00e0s 22h. Entre os estabelecimentos que foram autuados durante a a\u00e7\u00e3o est\u00e1 o Bar L\u00e9o Chopp, no bairro do Cordeiro, na Zona Oeste do Recife. Segundo o \u00f3rg\u00e3o de fiscaliza\u00e7\u00e3o o bar estava aberto ao p\u00fablico, al\u00e9m do hor\u00e1rio permitido, com presen\u00e7a de consumidores e som ligado.<\/p>\n<div class=\"dn_noticiasRelacionadas\">\n<p style=\"text-align: justify;\">Em Caruaru, no bairro de Indian\u00f3polis, os fiscais autuaram e interditaram o Restaurante do Portuga. Ao chegar ao local, por volta das 21h, a equipe identificou 21 pessoas, incluindo crian\u00e7a, todas sem m\u00e1scara.<\/p>\n<p style=\"text-align: justify;\">Ainda no munic\u00edpio, na Avenida Caruaru, um grupo de 18 pessoas praticava esportes na pra\u00e7a sem nenhuma medida de prote\u00e7\u00e3o contra a Covid-19. O esporte foi encerrado, e o grupo foi dispensado pela equipe de fiscaliza\u00e7\u00e3o.<\/p>\n<p style=\"text-align: justify;\">\u201c\u00c9 importante que a popula\u00e7\u00e3o, de modo geral, e que o com\u00e9rcio, contribua de maneira a cumprir essas medidas mais restritivas. Sabemos que \u00e9 um momento delicado, mas \u00e9 preciso a colabora\u00e7\u00e3o de todos\u201d, ressaltou o secret\u00e1rio de Justi\u00e7a e Direitos Humanos, Pedro Eurico.<\/p>\n<p style=\"text-align: justify;\">As fiscaliza\u00e7\u00f5es acontecem simultaneamente pelas cidades do estado. As a\u00e7\u00f5es acontecem em conjunto com a Pol\u00edcia Militar, Corpo de Bombeiros, gest\u00f5es municipais e a Vigil\u00e2ncia Sanit\u00e1ria de Pernambuco.<\/p>\n<\/div>\n","protected":false},"excerpt":{"rendered":"<p>O Procon Pernambuco interditou, na noite dessa sexta-feira (4), bares e restaurantes que descumpriam o Decreto do Governo do Estado&hellip;<\/p>\n","protected":false},"author":1,"featured_media":70673,"comment_status":"open","ping_status":"open","sticky":false,"template":"","format":"standard","meta":{"footnotes":""},"categories":[14120],"tags":[2,19532,1950,19670,21834],"class_list":["post-70672","post","type-post","status-publish","format-standard","has-post-thumbnail","hentry","category-noticias","tag-blog-do-edvaldo-magalhaes","tag-blog-mais-acessado-e-visualizado-de-caruaru-e-regiao","tag-noticias-de-caruaru","tag-novo-coronavirus","tag-procon-interdita-estabelecimentos-no-recife-e-em-caruaru"],"_links":{"self":[{"href":"https:\/\/blogdoedvaldomagalhaes.com.br\/index.php\/wp-json\/wp\/v2\/posts\/70672","targetHints":{"allow":["GET"]}}],"collection":[{"href":"https:\/\/blogdoedvaldomagalhaes.com.br\/index.php\/wp-json\/wp\/v2\/posts"}],"about":[{"href":"https:\/\/blogdoedvaldomagalhaes.com.br\/index.php\/wp-json\/wp\/v2\/types\/post"}],"author":[{"embeddable":true,"href":"https:\/\/blogdoedvaldomagalhaes.com.br\/index.php\/wp-json\/wp\/v2\/users\/1"}],"replies":[{"embeddable":true,"href":"https:\/\/blogdoedvaldomagalhaes.com.br\/index.php\/wp-json\/wp\/v2\/comments?post=70672"}],"version-history":[{"count":1,"href":"https:\/\/blogdoedvaldomagalhaes.com.br\/index.php\/wp-json\/wp\/v2\/posts\/70672\/revisions"}],"predecessor-version":[{"id":70674,"href":"https:\/\/blogdoedvaldomagalhaes.com.br\/index.php\/wp-json\/wp\/v2\/posts\/70672\/revisions\/70674"}],"wp:featuredmedia":[{"embeddable":true,"href":"https:\/\/blogdoedvaldomagalhaes.com.br\/index.php\/wp-json\/wp\/v2\/media\/70673"}],"wp:attachment":[{"href":"https:\/\/blogdoedvaldomagalhaes.com.br\/index.php\/wp-json\/wp\/v2\/media?parent=70672"}],"wp:term":[{"taxonomy":"category","embeddable":true,"href":"https:\/\/blogdoedvaldomagalhaes.com.br\/index.php\/wp-json\/wp\/v2\/categories?post=70672"},{"taxonomy":"post_tag","embeddable":true,"href":"https:\/\/blogdoedvaldomagalhaes.com.br\/index.php\/wp-json\/wp\/v2\/tags?post=70672"}],"curies":[{"name":"wp","href":"https:\/\/api.w.org\/{rel}","templated":true}]}}