{"id":70668,"date":"2021-06-05T19:01:10","date_gmt":"2021-06-05T22:01:10","guid":{"rendered":"https:\/\/blogdoedvaldomagalhaes.com.br\/?p=70668"},"modified":"2021-06-05T19:01:11","modified_gmt":"2021-06-05T22:01:11","slug":"cirurgias-eletivas-estao-suspensas-ate-20-de-junho-em-pernambuco-nas-redes-publica-e-privada","status":"publish","type":"post","link":"https:\/\/blogdoedvaldomagalhaes.com.br\/index.php\/2021\/06\/05\/cirurgias-eletivas-estao-suspensas-ate-20-de-junho-em-pernambuco-nas-redes-publica-e-privada\/","title":{"rendered":"Cirurgias eletivas est\u00e3o suspensas at\u00e9 20 de junho em Pernambuco nas redes p\u00fablica e privada"},"content":{"rendered":"<header id=\"site-header\" class=\"has-navigation-dropdown sticky-header\">\n<div class=\"main\">\n<div class=\"header-wrapper\">\n<div id=\"portal-searchbox\">\n<form id=\"nolivesearchGadget_form\" action=\"https:\/\/www.gov.br\/pt-br\/search\">\n<div class=\"LSBox\" style=\"text-align: justify;\"><span style=\"font-size: inherit;\">A Secretaria SES-PE registrou, neste s\u00e1bado (05\/06), 4.468 casos da Covid-19. Entre os confirmados hoje, 420 (9%) s\u00e3o casos de S\u00edndrome Respirat\u00f3ria Aguda Grave (SRAG) e 4.048 (91%) s\u00e3o leves. O maior registro de casos, principalmente leves, no informe de hoje foi motivado pelo feriado desta semana, que provocou o ac\u00famulo nas notifica\u00e7\u00f5es pelos munic\u00edpios. Agora, Pernambuco totaliza 497.906 casos confirmados da doen\u00e7a, sendo 45.951 graves e 451.955 leves, que est\u00e3o distribu\u00eddos por todos os 184 munic\u00edpios pernambucanos, al\u00e9m do arquip\u00e9lago de Fernando de Noronha.<\/span><\/div>\n<\/form>\n<\/div>\n<\/div>\n<\/div>\n<\/header>\n<p style=\"text-align: justify;\">Al\u00e9m disso, o boletim registra um total de 413.346 pacientes recuperados da doen\u00e7a. Destes, 26.276 eram pacientes graves, que necessitaram de internamento hospitalar, e 387.070 eram casos leves.<\/p>\n<p style=\"text-align: justify;\">Tamb\u00e9m foram confirmados laboratorialmente 94 novos \u00f3bitos (61 masculinos e 33 femininos), ocorridos entre os dias 13\/03\/2021 e 04\/06\/2021. As novas mortes s\u00e3o de pessoas residentes dos munic\u00edpios de Abreu e Lima (1), Agrestina (2), \u00c1gua Preta (1), Alagoinha (1), Alian\u00e7a (2), Arcoverde (3), Barreiros (1), Bezerros (2), Bom Conselho (1), Bom Jardim (1), Bonito (2), Brej\u00e3o (1), Cabo de Santo Agostinho (2), Camaragibe (1), Camocim de S\u00e3o F\u00e9lix (1), Caruaru (4), Catende (2), Ch\u00e3 Grande (1), Escada (1), Floresta (1), Gameleira (1), Garanhuns (1), Inaj\u00e1 (1), Jaboat\u00e3o dos Guararapes (6), Jo\u00e3o Alfredo (1), Jucati (1), Lagoa do Itaenga (1), Lagoa do Ouro (1), Lagoa Grande (1), Lajedo (1), Moreno (2), Olinda (2), Orob\u00f3 (2), Paudalho (1), Paulista (2), Pesqueira (1), Petrolina (4), Quipap\u00e1 (1), Recife (14), Salgueiro (1), Santa Cruz do Capibaribe (2), S\u00e3o Caetano (3), S\u00e3o Jo\u00e3o (1), S\u00e3o Joaquim do Monte (1), S\u00e3o Louren\u00e7o da Mata (1), Serra Talhada (2), Sirinha\u00e9m (2), Tabira (1), Terezinha (1), Toritama (1), Venturosa (1) e Vit\u00f3ria de Santo Ant\u00e3o (2). Com isso, o Estado totaliza 16.243 mortes pela doen\u00e7a.<\/p>\n<p style=\"text-align: justify;\">Os pacientes tinham idades entre 23 e 98 anos. As faixas et\u00e1rias s\u00e3o: 20 a 29 (4), 30 a 39 (6), 40 a 49 (19), 50 a 59 (16), 60 a 69 (20), 70 a 79 (11), 80 ou mais (18). Do total, 56 tinham doen\u00e7as preexistentes: doen\u00e7a cardiovascular (27), diabetes (19), hipertens\u00e3o (11), obesidade (11), doen\u00e7a renal (9), c\u00e2ncer (3), doen\u00e7a respirat\u00f3ria (3), etilismo (2), Alzheimer (1), AVC (1), doen\u00e7a neurol\u00f3gica (1), imunossupress\u00e3o (1) e tabagismo (1) &#8211; um paciente pode ter mais de uma comorbidade. Os demais seguem em investiga\u00e7\u00e3o.<\/p>\n<p style=\"text-align: justify;\">Com rela\u00e7\u00e3o \u00e0 testagem dos profissionais de sa\u00fade com sintomas de gripe, em Pernambuco, at\u00e9 agora, 29.788 casos foram confirmados e 51.827 descartados. As testagens entre os trabalhadores do setor abrangem os profissionais de todas as unidades de sa\u00fade, sejam da rede p\u00fablica (estadual e municipal) ou privada. O\u00a0Governo\u00a0de Pernambuco foi o primeiro do pa\u00eds a criar um protocolo para testar e afastar os profissionais da \u00e1rea da sa\u00fade com sintomas gripais.<\/p>\n<p style=\"text-align: justify;\"><strong>CIRURGIAS ELETIVAS &#8211;<\/strong>\u00a0Seguem suspensas at\u00e9 o dia 20 de junho as cirurgias e procedimentos eletivos que demandem interna\u00e7\u00e3o hospitalar em Pernambuco, tanto na rede p\u00fablica quanto privada. Esses s\u00e3o aqueles procedimentos agendados previamente, ou seja, n\u00e3o urgentes, mas que podem ser adiados sem preju\u00edzo \u00e0 sa\u00fade do paciente. A nova portaria da prorroga\u00e7\u00e3o foi publicada neste s\u00e1bado (05\/06) no Di\u00e1rio Oficial do Estado (DOE).<\/p>\n<p style=\"text-align: justify;\">O objetivo \u00e9 evitar sobrecarga nos sistemas de sa\u00fade e destinar maior n\u00famero de profissionais, leitos e insumos m\u00e9dico-hospitalares para o atendimento de pessoas suspeitas ou confirmadas para a infec\u00e7\u00e3o pelo novo coronav\u00edrus. Continuam mantidas as cirurgias eletivas inadi\u00e1veis, como as oncol\u00f3gicas, card\u00edacas, transplantes e procedimentos que possam causar dano permanente ao paciente em caso de adiamento, al\u00e9m das cirurgias ambulatoriais que n\u00e3o demandam internamento hospitalar.<\/p>\n<p style=\"text-align: justify;\">Al\u00e9m disso, refor\u00e7a-se que tamb\u00e9m permanece mantido o funcionamento das unidades de consult\u00f3rios, cl\u00ednicas, laborat\u00f3rios e hospitais com a realiza\u00e7\u00e3o de consultas, procedimentos diagn\u00f3sticos e terap\u00eauticos ambulatoriais, al\u00e9m dos servi\u00e7os de urg\u00eancia e emerg\u00eancia. A Secretaria Estadual de Sa\u00fade (SES) refor\u00e7a que os servidores que atuam nessas cirurgias eletivas e foram realocados para outras \u00e1reas da assist\u00eancia hospitalar ou teletrabalho ser\u00e3o mantidos nessas fun\u00e7\u00f5es.<\/p>\n<p style=\"text-align: justify;\"><strong>BALAN\u00c7O DA VACINA\u00c7\u00c3O<\/strong>\u00a0&#8211; Pernambuco j\u00e1 aplicou 2.936.978 doses da vacina contra a Covid-19, das quais 1.991.918 foram primeiras doses. Ao todo, foram feitas a primeira dose em 282.432 trabalhadores de sa\u00fade; 25.925 povos ind\u00edgenas aldeados; 41.783 em comunidades quilombolas; 7.631 idosos em Institui\u00e7\u00f5es de Longa Perman\u00eancia; 596.325 idosos de 60 a 69 anos; 395.560 idosos de 70 a 79 anos; 197.071 idosos de 80 anos e mais; 1.364 pessoas com defici\u00eancia institucionalizadas; 15.311 trabalhadores das for\u00e7as de seguran\u00e7a e salvamento; 273.954 pessoas com comorbidades; 15.276 pessoas com defici\u00eancia permanente; 36.309 gestantes e pu\u00e9rperas; 34.026 pessoas de 50 a 59 anos; 276 pessoas em situa\u00e7\u00e3o de rua, 292 pessoas privadas de liberdade; al\u00e9m de 68.383 trabalhadores de servi\u00e7os essenciais.<\/p>\n<p style=\"text-align: justify;\">Em rela\u00e7\u00e3o \u00e0 segunda dose, j\u00e1 foram beneficiados 214.527 trabalhadores de sa\u00fade; 25.587 povos ind\u00edgenas aldeados; 1.190 em comunidades quilombolas; 5.584 idosos institucionalizados; 249.149 idosos de 60 a 69 anos; 311.315 idosos de 70 a 79 anos; 131.898 idosos de 80 anos e mais; 1.151 pessoas com defici\u00eancia institucionalizadas e 4.659 trabalhadores das for\u00e7as de seguran\u00e7a e salvamento; totalizando 945.060 pessoas que j\u00e1 finalizaram o esquema.<\/p>\n<p>Foto: SES\/Divulga\u00e7\u00e3o.<\/p>\n","protected":false},"excerpt":{"rendered":"<p>A Secretaria SES-PE registrou, neste s\u00e1bado (05\/06), 4.468 casos da Covid-19. Entre os confirmados hoje, 420 (9%) s\u00e3o casos de&hellip;<\/p>\n","protected":false},"author":1,"featured_media":70669,"comment_status":"open","ping_status":"open","sticky":false,"template":"","format":"standard","meta":{"footnotes":""},"categories":[14120],"tags":[2,19532,21833,1950,19670],"class_list":["post-70668","post","type-post","status-publish","format-standard","has-post-thumbnail","hentry","category-noticias","tag-blog-do-edvaldo-magalhaes","tag-blog-mais-acessado-e-visualizado-de-caruaru-e-regiao","tag-cirurgias-eletivas-estao-suspensas-ate-20-de-junho-em-pernambuco-nas-redes-publica-e-privada","tag-noticias-de-caruaru","tag-novo-coronavirus"],"_links":{"self":[{"href":"https:\/\/blogdoedvaldomagalhaes.com.br\/index.php\/wp-json\/wp\/v2\/posts\/70668","targetHints":{"allow":["GET"]}}],"collection":[{"href":"https:\/\/blogdoedvaldomagalhaes.com.br\/index.php\/wp-json\/wp\/v2\/posts"}],"about":[{"href":"https:\/\/blogdoedvaldomagalhaes.com.br\/index.php\/wp-json\/wp\/v2\/types\/post"}],"author":[{"embeddable":true,"href":"https:\/\/blogdoedvaldomagalhaes.com.br\/index.php\/wp-json\/wp\/v2\/users\/1"}],"replies":[{"embeddable":true,"href":"https:\/\/blogdoedvaldomagalhaes.com.br\/index.php\/wp-json\/wp\/v2\/comments?post=70668"}],"version-history":[{"count":1,"href":"https:\/\/blogdoedvaldomagalhaes.com.br\/index.php\/wp-json\/wp\/v2\/posts\/70668\/revisions"}],"predecessor-version":[{"id":70670,"href":"https:\/\/blogdoedvaldomagalhaes.com.br\/index.php\/wp-json\/wp\/v2\/posts\/70668\/revisions\/70670"}],"wp:featuredmedia":[{"embeddable":true,"href":"https:\/\/blogdoedvaldomagalhaes.com.br\/index.php\/wp-json\/wp\/v2\/media\/70669"}],"wp:attachment":[{"href":"https:\/\/blogdoedvaldomagalhaes.com.br\/index.php\/wp-json\/wp\/v2\/media?parent=70668"}],"wp:term":[{"taxonomy":"category","embeddable":true,"href":"https:\/\/blogdoedvaldomagalhaes.com.br\/index.php\/wp-json\/wp\/v2\/categories?post=70668"},{"taxonomy":"post_tag","embeddable":true,"href":"https:\/\/blogdoedvaldomagalhaes.com.br\/index.php\/wp-json\/wp\/v2\/tags?post=70668"}],"curies":[{"name":"wp","href":"https:\/\/api.w.org\/{rel}","templated":true}]}}