{"id":70662,"date":"2021-06-05T17:02:07","date_gmt":"2021-06-05T20:02:07","guid":{"rendered":"https:\/\/blogdoedvaldomagalhaes.com.br\/?p=70662"},"modified":"2021-06-05T17:12:25","modified_gmt":"2021-06-05T20:12:25","slug":"central-e-derrotado-pelo-america-em-natal-na-estreia-da-serie-d","status":"publish","type":"post","link":"https:\/\/blogdoedvaldomagalhaes.com.br\/index.php\/2021\/06\/05\/central-e-derrotado-pelo-america-em-natal-na-estreia-da-serie-d\/","title":{"rendered":"Central \u00e9 derrotado pelo Am\u00e9rica em Natal na estreia da S\u00e9rie D"},"content":{"rendered":"<p style=\"text-align: justify;\">O Central foi derrotado pelo Am\u00e9rica por 1 a 0, na estreia da S\u00e9rie D 2021, na Arena das Dunas, em Natal-RN, neste s\u00e1bado (05). O gol foi marcado por Everton Heleno aos 12 minutos do 2\u00b0 tempo. O jogo marcou a estreia do t\u00e9cnico J\u00fanior Baiano no comando da equipe caruaruense, e ele s\u00f3 teve quatro atletas no banco de reservas, para alterar a equipe no decorrer do jogo.<\/p>\n<p style=\"text-align: justify;\">O pr\u00f3ximo jogo da Patativa na competi\u00e7\u00e3o nacional, ser\u00e1 contra o Cauc\u00e1ia, no Est\u00e1dio Luiz Jos\u00e9 de Lacerda, em Caruaru, no domingo (13).<\/p>\n<p>Foto: Canind\u00e9 Pereira\/Am\u00e9rica FC.<\/p>\n\n\n<p><\/p>\n","protected":false},"excerpt":{"rendered":"<p>O Central foi derrotado pelo Am\u00e9rica por 1 a 0, na estreia da S\u00e9rie D 2021, na Arena das Dunas,&hellip;<\/p>\n","protected":false},"author":1,"featured_media":70663,"comment_status":"open","ping_status":"open","sticky":false,"template":"","format":"standard","meta":{"footnotes":""},"categories":[14123],"tags":[2,19532,21832,3,1950],"class_list":["post-70662","post","type-post","status-publish","format-standard","has-post-thumbnail","hentry","category-futebol","tag-blog-do-edvaldo-magalhaes","tag-blog-mais-acessado-e-visualizado-de-caruaru-e-regiao","tag-central-e-derrotado-pelo-america-em-natal-na-estreia-da-serie-d","tag-futebol","tag-noticias-de-caruaru"],"_links":{"self":[{"href":"https:\/\/blogdoedvaldomagalhaes.com.br\/index.php\/wp-json\/wp\/v2\/posts\/70662","targetHints":{"allow":["GET"]}}],"collection":[{"href":"https:\/\/blogdoedvaldomagalhaes.com.br\/index.php\/wp-json\/wp\/v2\/posts"}],"about":[{"href":"https:\/\/blogdoedvaldomagalhaes.com.br\/index.php\/wp-json\/wp\/v2\/types\/post"}],"author":[{"embeddable":true,"href":"https:\/\/blogdoedvaldomagalhaes.com.br\/index.php\/wp-json\/wp\/v2\/users\/1"}],"replies":[{"embeddable":true,"href":"https:\/\/blogdoedvaldomagalhaes.com.br\/index.php\/wp-json\/wp\/v2\/comments?post=70662"}],"version-history":[{"count":4,"href":"https:\/\/blogdoedvaldomagalhaes.com.br\/index.php\/wp-json\/wp\/v2\/posts\/70662\/revisions"}],"predecessor-version":[{"id":70667,"href":"https:\/\/blogdoedvaldomagalhaes.com.br\/index.php\/wp-json\/wp\/v2\/posts\/70662\/revisions\/70667"}],"wp:featuredmedia":[{"embeddable":true,"href":"https:\/\/blogdoedvaldomagalhaes.com.br\/index.php\/wp-json\/wp\/v2\/media\/70663"}],"wp:attachment":[{"href":"https:\/\/blogdoedvaldomagalhaes.com.br\/index.php\/wp-json\/wp\/v2\/media?parent=70662"}],"wp:term":[{"taxonomy":"category","embeddable":true,"href":"https:\/\/blogdoedvaldomagalhaes.com.br\/index.php\/wp-json\/wp\/v2\/categories?post=70662"},{"taxonomy":"post_tag","embeddable":true,"href":"https:\/\/blogdoedvaldomagalhaes.com.br\/index.php\/wp-json\/wp\/v2\/tags?post=70662"}],"curies":[{"name":"wp","href":"https:\/\/api.w.org\/{rel}","templated":true}]}}