{"id":706,"date":"2018-11-14T17:32:00","date_gmt":"2018-11-14T19:32:00","guid":{"rendered":"http:\/\/blogdoedvaldomagalhaes.com.br\/index.php\/2018\/11\/14\/prefeitura-de-caruaru-promove-7-feira\/"},"modified":"2019-02-09T02:39:45","modified_gmt":"2019-02-09T04:39:45","slug":"prefeitura-de-caruaru-promove-7-feira","status":"publish","type":"post","link":"https:\/\/blogdoedvaldomagalhaes.com.br\/index.php\/2018\/11\/14\/prefeitura-de-caruaru-promove-7-feira\/","title":{"rendered":"Prefeitura de Caruaru promove a 7\u00aa Feira da Mulher Empreendedora"},"content":{"rendered":"<div class=\"separator\" style=\"clear: both; text-align: center;\">\n<a href=\"https:\/\/2.bp.blogspot.com\/-gAbsCrxGu6A\/W-xb_fncCoI\/AAAAAAAA9mQ\/dR-8V20oitEtijFlxpeZWOsYQiC3koQyACLcBGAs\/s1600\/foto.jpg\" imageanchor=\"1\" style=\"margin-left: 1em; margin-right: 1em;\"><img loading=\"lazy\" decoding=\"async\" border=\"0\" data-original-height=\"440\" data-original-width=\"660\" height=\"426\" src=\"http:\/\/blogdoedvaldomagalhaes.com.br\/wp-content\/uploads\/2018\/11\/foto-3.jpg\" width=\"640\" \/><\/a><\/div>\n<div style=\"text-align: justify;\">\n<\/div>\n<div style=\"text-align: justify;\">\nA Prefeitura de Caruaru, atrav\u00e9s da Secretaria de Pol\u00edticas para Mulheres (SPM), realiza a partir desta quarta-feira (14) at\u00e9 domingo (18), a 7\u00aa Feira da Mulher Empreendedora. Nesta edi\u00e7\u00e3o, 40 expositoras do projeto \u201cMulheres Empreendedoras\u201d, da SPM, estar\u00e3o comercializando seus produtos no Caruaru Shopping, no hor\u00e1rio do centro de compras, das 10h \u00e0s 22h.<\/div>\n<div style=\"text-align: justify;\">\n<\/div>\n<div style=\"text-align: justify;\">\nDe acordo com a SPM, oempreendedorismo \u00e9 incentivado como t\u00e9cnica de implementa\u00e7\u00e3o de neg\u00f3cios, administra\u00e7\u00e3o e novas oportunidades de gerar renda atrav\u00e9s da venda dos produtos expostos nas feiras do projeto. \u201cRealizamos a\u00e7\u00f5es como esta com o intuito de promover a emancipa\u00e7\u00e3o econ\u00f4mica das mulheres caruaruenses, incentivando o associativismo e o cooperativismo com o intuito de desenvolver estrat\u00e9gias e novas formas de atua\u00e7\u00e3o no mercado como possibilidade de desenvolvimento coletivo\u201d, destacou a secret\u00e1ria Juliana Gouveia.<\/div>\n<div style=\"text-align: justify;\">\n<\/div>\n","protected":false},"excerpt":{"rendered":"<p>A Prefeitura de Caruaru, atrav\u00e9s da Secretaria de Pol\u00edticas para Mulheres (SPM), realiza a partir desta quarta-feira (14) at\u00e9 domingo&hellip;<\/p>\n","protected":false},"author":1,"featured_media":0,"comment_status":"open","ping_status":"open","sticky":false,"template":"","format":"standard","meta":{"footnotes":""},"categories":[1],"tags":[2,6,645],"class_list":["post-706","post","type-post","status-publish","format-standard","hentry","category-sem-categoria","tag-blog-do-edvaldo-magalhaes","tag-noticias","tag-prefeitura-de-caruaru-promove-a-7a-feira-da-mulher-empreendedora"],"_links":{"self":[{"href":"https:\/\/blogdoedvaldomagalhaes.com.br\/index.php\/wp-json\/wp\/v2\/posts\/706","targetHints":{"allow":["GET"]}}],"collection":[{"href":"https:\/\/blogdoedvaldomagalhaes.com.br\/index.php\/wp-json\/wp\/v2\/posts"}],"about":[{"href":"https:\/\/blogdoedvaldomagalhaes.com.br\/index.php\/wp-json\/wp\/v2\/types\/post"}],"author":[{"embeddable":true,"href":"https:\/\/blogdoedvaldomagalhaes.com.br\/index.php\/wp-json\/wp\/v2\/users\/1"}],"replies":[{"embeddable":true,"href":"https:\/\/blogdoedvaldomagalhaes.com.br\/index.php\/wp-json\/wp\/v2\/comments?post=706"}],"version-history":[{"count":1,"href":"https:\/\/blogdoedvaldomagalhaes.com.br\/index.php\/wp-json\/wp\/v2\/posts\/706\/revisions"}],"predecessor-version":[{"id":35844,"href":"https:\/\/blogdoedvaldomagalhaes.com.br\/index.php\/wp-json\/wp\/v2\/posts\/706\/revisions\/35844"}],"wp:attachment":[{"href":"https:\/\/blogdoedvaldomagalhaes.com.br\/index.php\/wp-json\/wp\/v2\/media?parent=706"}],"wp:term":[{"taxonomy":"category","embeddable":true,"href":"https:\/\/blogdoedvaldomagalhaes.com.br\/index.php\/wp-json\/wp\/v2\/categories?post=706"},{"taxonomy":"post_tag","embeddable":true,"href":"https:\/\/blogdoedvaldomagalhaes.com.br\/index.php\/wp-json\/wp\/v2\/tags?post=706"}],"curies":[{"name":"wp","href":"https:\/\/api.w.org\/{rel}","templated":true}]}}