{"id":7059,"date":"2017-01-15T21:20:00","date_gmt":"2017-01-15T23:20:00","guid":{"rendered":"http:\/\/blogdoedvaldomagalhaes.com.br\/index.php\/2017\/01\/15\/central-e-salgueiro-vence-em-casa-e\/"},"modified":"2019-02-09T01:13:46","modified_gmt":"2019-02-09T03:13:46","slug":"central-e-salgueiro-vence-em-casa-e","status":"publish","type":"post","link":"https:\/\/blogdoedvaldomagalhaes.com.br\/index.php\/2017\/01\/15\/central-e-salgueiro-vence-em-casa-e\/","title":{"rendered":"Central e Salgueiro vencem em casa e Am\u00e9rica surpreende fora"},"content":{"rendered":"<div class=\"separator\" style=\"clear: both; text-align: center;\">\n<a href=\"https:\/\/2.bp.blogspot.com\/-ZIHIudA1suc\/WHvna-C4KzI\/AAAAAAAANd8\/D7V4dc0LwzQDsLRzwrLGtfPD97-bZPFwACLcB\/s1600\/central%2B1.jpg\" imageanchor=\"1\" style=\"margin-left: 1em; margin-right: 1em;\"><img loading=\"lazy\" decoding=\"async\" border=\"0\" height=\"266\" src=\"http:\/\/blogdoedvaldomagalhaes.com.br\/wp-content\/uploads\/2017\/01\/central1.jpg\" width=\"400\" \/><\/a><\/div>\n<div class=\"separator\" style=\"clear: both; text-align: center;\">\nFoto: Central SC\/Renan Vasconcelos<\/div>\n<div class=\"separator\" style=\"clear: both; text-align: center;\">\n<\/div>\n<p><\/p>\n<div class=\"separator\" style=\"clear: both; text-align: center;\">\nGol de falta de Altemar (imagens Medson Magno)<\/div>\n<div style=\"text-align: justify;\">\n<\/div>\n<div style=\"text-align: justify;\">\nO Central venceu o Belo Jardim por 2 a 0, na tarde deste domingo (15), no Est\u00e1dio Luiz Jos\u00e9 de Lacerda (Lacerd\u00e3o), em Caruaru, pela 4\u00aa rodada da 1\u00aa fase do Campeonato Pernambucano da S\u00e9rie A1 2017. A Patativa est\u00e1 na vice-lideran\u00e7a da classifica\u00e7\u00e3o geral com sete pontos, e os gols foram marcados por Altemar de falta aos 38 no 1\u00ba tempo e Paulinho de cabe\u00e7a aos 26 do 2\u00ba tempo.<\/p>\n<\/div>\n<div class=\"separator\" style=\"clear: both; text-align: center;\">\n<a href=\"https:\/\/4.bp.blogspot.com\/-kWGCapY5JTU\/WHvnmei1gVI\/AAAAAAAANeA\/ldHINGK9p7cLGPFPQi1miWn12rvgs7fTACLcB\/s1600\/central%2B2.jpg\" imageanchor=\"1\" style=\"margin-left: 1em; margin-right: 1em;\"><img loading=\"lazy\" decoding=\"async\" border=\"0\" height=\"266\" src=\"http:\/\/blogdoedvaldomagalhaes.com.br\/wp-content\/uploads\/2017\/01\/central2.jpg\" width=\"400\" \/><\/a><\/div>\n<div style=\"text-align: justify;\">\n<\/div>\n<div style=\"text-align: justify;\">\nO Salgueiro manteve a lideran\u00e7a com 100% de aproveitamento ao derrotar o Flamengo de Arcoverde por 2 a 1, no Est\u00e1dio Corn\u00e9lio de Barros, em Salgueiro, no sert\u00e3o pernambucano. Gols de Rodolfo Potiguar e William Lira, para o Carcar\u00e1, e Alisson, para o Tigre.<\/p>\n<p>O Atl\u00e9tico-PE foi surpreendido pelo Am\u00e9rica-PE e perdeu por 2 a 0 em casa, no Est\u00e1dio Paulo Petribu, em Carpina, zona da mata norte do estado.&nbsp;Os gols foram do atacante Faquinha na primeira vit\u00f3ria do Mequinha na competi\u00e7\u00e3o.<\/p>\n<p>O Vit\u00f3ria empatou com o Serra Talhada por 1 a 1,&nbsp;gols de J\u00e2nio, para o Cangaceiro, e Fabinho, para o Tricolor das Tabocas,&nbsp;no Est\u00e1dio Severino C\u00e2ndido (Carneir\u00e3o), em Vit\u00f3ria de Santo Ant\u00e3o.<\/p>\n<p><\/p>\n<div style=\"text-align: justify;\">\nNa pr\u00f3xima quarta-feira (18), o&nbsp; Belo Jardim enfrenta o Afogados, \u00fanico jogo das 15h, no Vera Cruz, em Caruaru. E \u00e0s 20h tem tr\u00eas jogos, que s\u00e3o: &nbsp;Am\u00e9rica x Salgueiro, no &nbsp;Est\u00e1dio Ademir Cunha, em Paulista. Serra Talhada x Central, no Est\u00e1dio Nildo Pereira (Pereir\u00e3o). Atl\u00e9tico\/PE x Vit\u00f3ria, no Est\u00e1dio Paulo Petribu, em Carpina.<\/div>\n<\/div>\n","protected":false},"excerpt":{"rendered":"<p>Foto: Central SC\/Renan Vasconcelos Gol de falta de Altemar (imagens Medson Magno) O Central venceu o Belo Jardim por 2&hellip;<\/p>\n","protected":false},"author":1,"featured_media":0,"comment_status":"open","ping_status":"open","sticky":false,"template":"","format":"standard","meta":{"footnotes":""},"categories":[1],"tags":[2,9723,3,2955,8970,9724],"class_list":["post-7059","post","type-post","status-publish","format-standard","hentry","category-sem-categoria","tag-blog-do-edvaldo-magalhaes","tag-central-e-salgueiro-vence-em-casa-e-america-surpreende-fora","tag-futebol","tag-lacerdao","tag-laelson-lima","tag-luciano-filho"],"_links":{"self":[{"href":"https:\/\/blogdoedvaldomagalhaes.com.br\/index.php\/wp-json\/wp\/v2\/posts\/7059","targetHints":{"allow":["GET"]}}],"collection":[{"href":"https:\/\/blogdoedvaldomagalhaes.com.br\/index.php\/wp-json\/wp\/v2\/posts"}],"about":[{"href":"https:\/\/blogdoedvaldomagalhaes.com.br\/index.php\/wp-json\/wp\/v2\/types\/post"}],"author":[{"embeddable":true,"href":"https:\/\/blogdoedvaldomagalhaes.com.br\/index.php\/wp-json\/wp\/v2\/users\/1"}],"replies":[{"embeddable":true,"href":"https:\/\/blogdoedvaldomagalhaes.com.br\/index.php\/wp-json\/wp\/v2\/comments?post=7059"}],"version-history":[{"count":1,"href":"https:\/\/blogdoedvaldomagalhaes.com.br\/index.php\/wp-json\/wp\/v2\/posts\/7059\/revisions"}],"predecessor-version":[{"id":16016,"href":"https:\/\/blogdoedvaldomagalhaes.com.br\/index.php\/wp-json\/wp\/v2\/posts\/7059\/revisions\/16016"}],"wp:attachment":[{"href":"https:\/\/blogdoedvaldomagalhaes.com.br\/index.php\/wp-json\/wp\/v2\/media?parent=7059"}],"wp:term":[{"taxonomy":"category","embeddable":true,"href":"https:\/\/blogdoedvaldomagalhaes.com.br\/index.php\/wp-json\/wp\/v2\/categories?post=7059"},{"taxonomy":"post_tag","embeddable":true,"href":"https:\/\/blogdoedvaldomagalhaes.com.br\/index.php\/wp-json\/wp\/v2\/tags?post=7059"}],"curies":[{"name":"wp","href":"https:\/\/api.w.org\/{rel}","templated":true}]}}